{"id":10964,"date":"2021-09-17T16:14:04","date_gmt":"2021-09-17T14:14:04","guid":{"rendered":"https:\/\/www.my-watchsite.com\/blog\/?p=10964"},"modified":"2021-09-17T16:14:05","modified_gmt":"2021-09-17T14:14:05","slug":"tag-heuer-reopens-a-boutique-within-le-bon-marche","status":"publish","type":"post","link":"https:\/\/www.my-watchsite.com\/blog\/tag-heuer-reopens-a-boutique-within-le-bon-marche\/","title":{"rendered":"TAG Heuer (re)opens a boutique within Le Bon March\u00e9"},"content":{"rendered":"\n<figure class=\"wp-block-image size-large\"><img decoding=\"async\" loading=\"lazy\" src=\"https:\/\/www.my-watchsite.com\/blog\/wp-content\/uploads\/2021\/09\/tagheuer2.jpg\" alt=\"La nouvelle boutique TAG Heuer au Bon March\u00e9 Rive Gauche\" class=\"wp-image-10000016202\" \/><figcaption>The Swiss Watchmaker opened a new boutique on the first floor of Le&nbsp;Bon&nbsp;March\u00e9&nbsp;Rive&nbsp;Gauche. An entirely new and expanded 58m2 store.<\/figcaption><\/figure>\n\n\n\n<figure class=\"wp-block-pullquote\" style=\"border-color:#1050e0\"><blockquote><p><\/p><cite>\u201cWe\u2019re happy to reopen the doors of our emblematic boutique within Le&nbsp;Bon&nbsp;March\u00e9&nbsp;Rive&nbsp;Gauche in&nbsp;Paris. A strategic city for TAG&nbsp;Heuer, with dynamic clients and real watchmaking\u2019s connoisseurs, the brand has real potential there\u201d said Frederic&nbsp;Arnault, CEO of TAG&nbsp;Heuer.<\/cite><\/blockquote><\/figure>\n\n\n\n<h2 class=\"wp-block-heading\"><strong>New TAG&nbsp;Heuer boutique: a design true to the brand\u2019s DNA&nbsp;<\/strong><\/h2>\n\n\n\n<p>From the boutique\u2019s door, the TAG&nbsp;Heuer universe presents itself. The decor, eclectic but thoroughly considered, is the result between the automotive world, intimately linked to the manufacture, and extreme sports, like diving. Steve&nbsp;McQueen\u2019s photograph, taken during the&nbsp;<em>Le&nbsp;Mans<\/em>&nbsp;film of&nbsp;1971, hangs next to collectible books, mini emblematic sports cars, and a clock representing the TAG&nbsp;Heuer&nbsp;Monaco\u2019s dial (of which we\u2019re secretly jealous). <\/p>\n\n\n\n<figure class=\"wp-block-image size-large\"><img decoding=\"async\" loading=\"lazy\" src=\"https:\/\/www.my-watchsite.com\/blog\/wp-content\/uploads\/2021\/09\/tagheuer4.jpg\" alt=\"La nouvelle boutique TAG Heuer au Bon March\u00e9 Rive Gauche\" class=\"wp-image-10000016219\" \/><figcaption>Decorated with photos, books, and souvenirs, the place invites the visitor to dive into the TAG&nbsp;Heuer legacy.&nbsp;<\/figcaption><\/figure>\n\n\n\n<p>The wall is decorated with a big poster of a diver from the new TAG&nbsp;Heuer&nbsp;Aquaracer \u201cBeyond&nbsp;the&nbsp;Edge\u201d campaign. Everything is there, or almost everything.<\/p>\n\n\n\n<figure class=\"wp-block-image size-large\"><img decoding=\"async\" loading=\"lazy\" src=\"https:\/\/www.my-watchsite.com\/blog\/wp-content\/uploads\/2021\/09\/tagheuer5.jpg\" alt=\"L'int\u00e9rieur de la nouvelle boutique TAG Heuer au Bon March\u00e9 Rive Gauche\" class=\"wp-image-10000016204\" \/><figcaption>The TAG&nbsp;Heuer boutique displays a selection of new watches and others from existing collections.&nbsp;<\/figcaption><\/figure>\n\n\n\n<p>These objects, like \u201cprecious\u201d souvenirs, are installed in a very contemporary decor with subtle chrome and black shades of luminous grey. It is in contrast with bright lights like yellow, orange or red with an electric blue touch. Like a TAG&nbsp;Heuer timepiece, the furniture mixes materials with polished, brushed or oval-finish. The manufacture touch can be found on the pendant lights that beautify the whole decor.<\/p>\n\n\n\n<figure class=\"wp-block-image size-large\"><img decoding=\"async\" loading=\"lazy\" src=\"https:\/\/www.my-watchsite.com\/blog\/wp-content\/uploads\/2021\/09\/tagheuer1.jpg\" alt=\"La d\u00e9coration de la nouvelle boutique TAG Heuer au Bon March\u00e9 Rive Gauche\" class=\"wp-image-10000016201\" \/><figcaption>Historical pieces from the TAG&nbsp;Heuer museum in Switzerland will be displayed to illustrate the manufacture\u2019s history.&nbsp;<\/figcaption><\/figure>\n\n\n\n<h2 class=\"wp-block-heading\"><strong>A luxury case for the TAG&nbsp;Heuer collections<\/strong><\/h2>\n\n\n\n<p>The most important part is TAG&nbsp;Heuer beautiful display window that presents new models and existing collections. It allows us to admire the stunning TAG&nbsp;Heuer&nbsp;Aquaracer&nbsp;Professional&nbsp;300 designed for extreme diving (<a href=\"https:\/\/www.my-watchsite.com\/blog\/michel-herbelin-longines-tag-heuer-mido-rolex-dive-with-style\/\" target=\"_blank\" rel=\"noreferrer noopener\">read our article on diving watches<\/a>), or the very sophisticated <a href=\"https:\/\/www.my-watchsite.com\/aquaracer\/7711-aquaracer-professional-300-tribute-to-ref-844.html\" target=\"_blank\" rel=\"noreferrer noopener\">Heuer&nbsp;Ref.&nbsp;844<\/a> in a limited edition (<a href=\"https:\/\/www.youtube.com\/watch?v=Kh5GB_PWHsc\" target=\"_blank\" rel=\"noreferrer noopener\">seen on Frank&nbsp;Sans&nbsp;C video<\/a>) and the Night&nbsp;Diver version. <\/p>\n\n\n\n<figure class=\"wp-block-embed is-type-video is-provider-youtube wp-block-embed-youtube wp-embed-aspect-16-9 wp-has-aspect-ratio\"><div class=\"wp-block-embed__wrapper\">\n<iframe loading=\"lazy\" title=\"TAG Heuer | TAG Heuer Aquaracer Professional 300\" width=\"500\" height=\"281\" src=\"https:\/\/www.youtube.com\/embed\/A3eg2qY4FqY?feature=oembed\" frameborder=\"0\" allow=\"accelerometer; autoplay; clipboard-write; encrypted-media; gyroscope; picture-in-picture\" allowfullscreen><\/iframe>\n<\/div><\/figure>\n\n\n\n<p>Let\u2019s also mention the square-shaped Monaco collection, the steel Carrera new edition, and the innovative <a href=\"https:\/\/www.tagheuer.com\/int\/en\/smartwatches\/collections\/tag-heuer-connected\/\" target=\"_blank\" rel=\"noreferrer noopener\">TAG&nbsp;Heuer&nbsp;Connected <\/a>that loyal customers will rediscover.<\/p>\n\n\n\n<p>Read our <a href=\"https:\/\/www.my-watchsite.com\/178-tag-heuer\" target=\"_blank\" rel=\"noreferrer noopener\">TAG Heuer technical sheets<\/a>.<\/p>\n\n\n\n<figure class=\"wp-block-pullquote\" style=\"border-color:#1050e0\"><blockquote><p><\/p><cite>\u201cBy implementing this new boutique design in France, we hope to offer Parisian and foreign visitors an immersive and memorable experience that will allow them to discover different aspects of our brand and iconic collections of our watches\u201d said Fr\u00e9d\u00e9ric&nbsp;Arnault, CEO of TAG&nbsp;Heuer.<\/cite><\/blockquote><\/figure>\n\n\n\n<p><strong>TAG&nbsp;Heuer&nbsp;Le&nbsp;Bon&nbsp;March\u00e9&nbsp;Rive&nbsp;Gauche:<\/strong><\/p>\n\n\n\n<p>24 Rue de S\u00e8vres<br>75007 Paris<br>First floor,&nbsp;<em>Espace Horloger<\/em><\/p>\n\n\n\n<p><strong>Open hours:<\/strong><\/p>\n\n\n\n<p>From Monday to Saturday: 10:00 \u2013 20:00<br>Sunday 11:00 \u2013 20:00<\/p>\n\n\n\n<p><a href=\"https:\/\/www.tagheuer.com\/int\/en\/timepieces\/let-us-guide-you\/our-watches\/?gclid=Cj0KCQjwkIGKBhCxARIsAINMioLzS1zBJgKjNwShleCWhiNjPVUUsF4Lyye6gy5zt5dFPrK7l1QZJTEaAu-VEALw_wcB\" target=\"_blank\" rel=\"noreferrer noopener\">www.tagheuer.com<\/a><\/p>\n\n\n\n<h2 class=\"wp-block-heading\"><strong>See and read also:<\/strong><\/h2>\n\n\n\n<figure class=\"wp-block-embed is-type-video is-provider-youtube wp-block-embed-youtube wp-embed-aspect-16-9 wp-has-aspect-ratio\"><div class=\"wp-block-embed__wrapper\">\n<iframe loading=\"lazy\" title=\"6 Montres de plong\u00e9e \u00e0 d\u00e9couvrir !! Ep. 2\" width=\"500\" height=\"281\" src=\"https:\/\/www.youtube.com\/embed\/Kh5GB_PWHsc?feature=oembed\" frameborder=\"0\" allow=\"accelerometer; autoplay; clipboard-write; encrypted-media; gyroscope; picture-in-picture\" allowfullscreen><\/iframe>\n<\/div><\/figure>\n\n\n\n<figure class=\"wp-block-embed is-type-wp-embed is-provider-mywatch-en wp-block-embed-mywatch-en\"><div class=\"wp-block-embed__wrapper\">\n<blockquote class=\"wp-embedded-content\" data-secret=\"llIeYrMdEl\"><a href=\"https:\/\/www.my-watchsite.com\/blog\/the-beautiful-mechanisms-of-iwc-tag-heuer-reservoir-tissot\/\">The beautiful mechanisms of IWC, TAG Heuer, Reservoir, Tissot&#8230;<\/a><\/blockquote><iframe class=\"wp-embedded-content\" sandbox=\"allow-scripts\" security=\"restricted\" style=\"position: absolute; clip: rect(1px, 1px, 1px, 1px);\" title=\"\u00ab\u00a0The beautiful mechanisms of IWC, TAG Heuer, Reservoir, Tissot&#8230;\u00a0\u00bb &#8212; MyWatch EN\" src=\"https:\/\/www.my-watchsite.com\/blog\/the-beautiful-mechanisms-of-iwc-tag-heuer-reservoir-tissot\/embed\/#?secret=llIeYrMdEl\" data-secret=\"llIeYrMdEl\" width=\"500\" height=\"282\" frameborder=\"0\" marginwidth=\"0\" marginheight=\"0\" scrolling=\"no\"><\/iframe>\n<\/div><\/figure>\n\n\n\n<figure class=\"wp-block-embed is-type-wp-embed is-provider-mywatch-en wp-block-embed-mywatch-en\"><div class=\"wp-block-embed__wrapper\">\n<blockquote class=\"wp-embedded-content\" data-secret=\"1qeBLXdyE9\"><a href=\"https:\/\/www.my-watchsite.com\/blog\/michel-herbelin-longines-tag-heuer-mido-rolex-dive-with-style\/\">Michel Herbelin, Longines, TAG Heuer, Mido, Rolex: dive with style<\/a><\/blockquote><iframe class=\"wp-embedded-content\" sandbox=\"allow-scripts\" security=\"restricted\" style=\"position: absolute; clip: rect(1px, 1px, 1px, 1px);\" title=\"\u00ab\u00a0Michel Herbelin, Longines, TAG Heuer, Mido, Rolex: dive with style\u00a0\u00bb &#8212; MyWatch EN\" src=\"https:\/\/www.my-watchsite.com\/blog\/michel-herbelin-longines-tag-heuer-mido-rolex-dive-with-style\/embed\/#?secret=1qeBLXdyE9\" data-secret=\"1qeBLXdyE9\" width=\"500\" height=\"282\" frameborder=\"0\" marginwidth=\"0\" marginheight=\"0\" scrolling=\"no\"><\/iframe>\n<\/div><\/figure>\n\n\n\n<figure class=\"wp-block-embed is-type-wp-embed is-provider-mywatch-en wp-block-embed-mywatch-en\"><div class=\"wp-block-embed__wrapper\">\n<blockquote class=\"wp-embedded-content\" data-secret=\"eV18NX07Hv\"><a href=\"https:\/\/www.my-watchsite.com\/blog\/the-most-natural-partnership\/\">The most natural partnership<\/a><\/blockquote><iframe class=\"wp-embedded-content\" sandbox=\"allow-scripts\" security=\"restricted\" style=\"position: absolute; clip: rect(1px, 1px, 1px, 1px);\" title=\"\u00ab\u00a0The most natural partnership\u00a0\u00bb &#8212; MyWatch EN\" src=\"https:\/\/www.my-watchsite.com\/blog\/the-most-natural-partnership\/embed\/#?secret=eV18NX07Hv\" data-secret=\"eV18NX07Hv\" width=\"500\" height=\"282\" frameborder=\"0\" marginwidth=\"0\" marginheight=\"0\" scrolling=\"no\"><\/iframe>\n<\/div><\/figure>\n","protected":false},"excerpt":{"rendered":"<p>Located since 2013 on the first floor of the famous Parisian store and revealed on September 8, the TAG Heuer boutique has a new face. Redesigned, expanded and revamped, the new place is ready to welcome true fans of the Maison or just visitors.<\/p>\n","protected":false},"author":3,"featured_media":10965,"comment_status":"closed","ping_status":"closed","sticky":false,"template":"","format":"standard","meta":{"footnotes":""},"categories":[72],"tags":[201,12],"acf":[],"yoast_head":"<!-- This site is optimized with the Yoast SEO plugin v20.4 - https:\/\/yoast.com\/wordpress\/plugins\/seo\/ -->\n<title>New boutique TAG Heuer at Le Bon March\u00e9<\/title>\n<meta name=\"description\" content=\"TAG Heuer reveals its new boutique at Le Bon March\u00e9 Rive Gauche. Redesigned, it is the new Maison&#039;s collection place.\" \/>\n<meta name=\"robots\" content=\"index, follow, max-snippet:-1, max-image-preview:large, max-video-preview:-1\" \/>\n<link rel=\"canonical\" href=\"https:\/\/www.my-watchsite.com\/blog\/tag-heuer-reopens-a-boutique-within-le-bon-marche\/\" \/>\n<meta property=\"og:locale\" content=\"en_US\" \/>\n<meta property=\"og:type\" content=\"article\" \/>\n<meta property=\"og:title\" content=\"New boutique TAG Heuer at Le Bon March\u00e9\" \/>\n<meta property=\"og:description\" content=\"TAG Heuer reveals its new boutique at Le Bon March\u00e9 Rive Gauche. Redesigned, it is the new Maison&#039;s collection place.\" \/>\n<meta property=\"og:url\" content=\"https:\/\/www.my-watchsite.com\/blog\/tag-heuer-reopens-a-boutique-within-le-bon-marche\/\" \/>\n<meta property=\"og:site_name\" content=\"MyWatch EN\" \/>\n<meta property=\"article:publisher\" content=\"https:\/\/www.facebook.com\/MyWatchSite\/\" \/>\n<meta property=\"article:published_time\" content=\"2021-09-17T14:14:04+00:00\" \/>\n<meta property=\"article:modified_time\" content=\"2021-09-17T14:14:05+00:00\" \/>\n<meta property=\"og:image\" content=\"https:\/\/www.my-watchsite.com\/blog\/wp-content\/uploads\/sites\/2\/2021\/09\/TAGHOMEPAGE.jpg\" \/>\n\t<meta property=\"og:image:width\" content=\"750\" \/>\n\t<meta property=\"og:image:height\" content=\"465\" \/>\n\t<meta property=\"og:image:type\" content=\"image\/jpeg\" \/>\n<meta name=\"author\" content=\"Chlo\u00e9 Redler\" \/>\n<meta name=\"twitter:card\" content=\"summary_large_image\" \/>\n<meta name=\"twitter:creator\" content=\"@mywatchsite\" \/>\n<meta name=\"twitter:site\" content=\"@mywatchsite\" \/>\n<meta name=\"twitter:label1\" content=\"Written by\" \/>\n\t<meta name=\"twitter:data1\" content=\"Chlo\u00e9 Redler\" \/>\n\t<meta name=\"twitter:label2\" content=\"Est. reading time\" \/>\n\t<meta name=\"twitter:data2\" content=\"3 minutes\" \/>\n<script type=\"application\/ld+json\" class=\"yoast-schema-graph\">{\"@context\":\"https:\/\/schema.org\",\"@graph\":[{\"@type\":\"WebPage\",\"@id\":\"https:\/\/www.my-watchsite.com\/blog\/tag-heuer-reopens-a-boutique-within-le-bon-marche\/\",\"url\":\"https:\/\/www.my-watchsite.com\/blog\/tag-heuer-reopens-a-boutique-within-le-bon-marche\/\",\"name\":\"New boutique TAG Heuer at Le Bon March\u00e9\",\"isPartOf\":{\"@id\":\"https:\/\/www.my-watchsite.com\/blog\/#website\"},\"datePublished\":\"2021-09-17T14:14:04+00:00\",\"dateModified\":\"2021-09-17T14:14:05+00:00\",\"author\":{\"@id\":\"https:\/\/www.my-watchsite.com\/blog\/#\/schema\/person\/d0a71aaf376997c19bcc32876032e616\"},\"description\":\"TAG Heuer reveals its new boutique at Le Bon March\u00e9 Rive Gauche. Redesigned, it is the new Maison's collection place.\",\"breadcrumb\":{\"@id\":\"https:\/\/www.my-watchsite.com\/blog\/tag-heuer-reopens-a-boutique-within-le-bon-marche\/#breadcrumb\"},\"inLanguage\":\"en-US\",\"potentialAction\":[{\"@type\":\"ReadAction\",\"target\":[\"https:\/\/www.my-watchsite.com\/blog\/tag-heuer-reopens-a-boutique-within-le-bon-marche\/\"]}]},{\"@type\":\"BreadcrumbList\",\"@id\":\"https:\/\/www.my-watchsite.com\/blog\/tag-heuer-reopens-a-boutique-within-le-bon-marche\/#breadcrumb\",\"itemListElement\":[{\"@type\":\"ListItem\",\"position\":1,\"name\":\"Accueil\",\"item\":\"https:\/\/www.my-watchsite.com\/blog\/\"},{\"@type\":\"ListItem\",\"position\":2,\"name\":\"TAG Heuer (re)opens a boutique within Le Bon March\u00e9\"}]},{\"@type\":\"WebSite\",\"@id\":\"https:\/\/www.my-watchsite.com\/blog\/#website\",\"url\":\"https:\/\/www.my-watchsite.com\/blog\/\",\"name\":\"MyWatch EN\",\"description\":\"Make Time a Lifestyle\",\"potentialAction\":[{\"@type\":\"SearchAction\",\"target\":{\"@type\":\"EntryPoint\",\"urlTemplate\":\"https:\/\/www.my-watchsite.com\/blog\/?s={search_term_string}\"},\"query-input\":\"required name=search_term_string\"}],\"inLanguage\":\"en-US\"},{\"@type\":\"Person\",\"@id\":\"https:\/\/www.my-watchsite.com\/blog\/#\/schema\/person\/d0a71aaf376997c19bcc32876032e616\",\"name\":\"Chlo\u00e9 Redler\",\"image\":{\"@type\":\"ImageObject\",\"inLanguage\":\"en-US\",\"@id\":\"https:\/\/www.my-watchsite.com\/blog\/#\/schema\/person\/image\/\",\"url\":\"https:\/\/secure.gravatar.com\/avatar\/68b11128a6aeda527d5c85fdfe99d5ab?s=96&d=mm&r=g\",\"contentUrl\":\"https:\/\/secure.gravatar.com\/avatar\/68b11128a6aeda527d5c85fdfe99d5ab?s=96&d=mm&r=g\",\"caption\":\"Chlo\u00e9 Redler\"}}]}<\/script>\n<!-- \/ Yoast SEO plugin. -->","yoast_head_json":{"title":"New boutique TAG Heuer at Le Bon March\u00e9","description":"TAG Heuer reveals its new boutique at Le Bon March\u00e9 Rive Gauche. Redesigned, it is the new Maison's collection place.","robots":{"index":"index","follow":"follow","max-snippet":"max-snippet:-1","max-image-preview":"max-image-preview:large","max-video-preview":"max-video-preview:-1"},"canonical":"https:\/\/www.my-watchsite.com\/blog\/tag-heuer-reopens-a-boutique-within-le-bon-marche\/","og_locale":"en_US","og_type":"article","og_title":"New boutique TAG Heuer at Le Bon March\u00e9","og_description":"TAG Heuer reveals its new boutique at Le Bon March\u00e9 Rive Gauche. Redesigned, it is the new Maison's collection place.","og_url":"https:\/\/www.my-watchsite.com\/blog\/tag-heuer-reopens-a-boutique-within-le-bon-marche\/","og_site_name":"MyWatch EN","article_publisher":"https:\/\/www.facebook.com\/MyWatchSite\/","article_published_time":"2021-09-17T14:14:04+00:00","article_modified_time":"2021-09-17T14:14:05+00:00","og_image":[{"width":750,"height":465,"url":"https:\/\/www.my-watchsite.com\/blog\/wp-content\/uploads\/sites\/2\/2021\/09\/TAGHOMEPAGE.jpg","type":"image\/jpeg"}],"author":"Chlo\u00e9 Redler","twitter_card":"summary_large_image","twitter_creator":"@mywatchsite","twitter_site":"@mywatchsite","twitter_misc":{"Written by":"Chlo\u00e9 Redler","Est. reading time":"3 minutes"},"schema":{"@context":"https:\/\/schema.org","@graph":[{"@type":"WebPage","@id":"https:\/\/www.my-watchsite.com\/blog\/tag-heuer-reopens-a-boutique-within-le-bon-marche\/","url":"https:\/\/www.my-watchsite.com\/blog\/tag-heuer-reopens-a-boutique-within-le-bon-marche\/","name":"New boutique TAG Heuer at Le Bon March\u00e9","isPartOf":{"@id":"https:\/\/www.my-watchsite.com\/blog\/#website"},"datePublished":"2021-09-17T14:14:04+00:00","dateModified":"2021-09-17T14:14:05+00:00","author":{"@id":"https:\/\/www.my-watchsite.com\/blog\/#\/schema\/person\/d0a71aaf376997c19bcc32876032e616"},"description":"TAG Heuer reveals its new boutique at Le Bon March\u00e9 Rive Gauche. Redesigned, it is the new Maison's collection place.","breadcrumb":{"@id":"https:\/\/www.my-watchsite.com\/blog\/tag-heuer-reopens-a-boutique-within-le-bon-marche\/#breadcrumb"},"inLanguage":"en-US","potentialAction":[{"@type":"ReadAction","target":["https:\/\/www.my-watchsite.com\/blog\/tag-heuer-reopens-a-boutique-within-le-bon-marche\/"]}]},{"@type":"BreadcrumbList","@id":"https:\/\/www.my-watchsite.com\/blog\/tag-heuer-reopens-a-boutique-within-le-bon-marche\/#breadcrumb","itemListElement":[{"@type":"ListItem","position":1,"name":"Accueil","item":"https:\/\/www.my-watchsite.com\/blog\/"},{"@type":"ListItem","position":2,"name":"TAG Heuer (re)opens a boutique within Le Bon March\u00e9"}]},{"@type":"WebSite","@id":"https:\/\/www.my-watchsite.com\/blog\/#website","url":"https:\/\/www.my-watchsite.com\/blog\/","name":"MyWatch EN","description":"Make Time a Lifestyle","potentialAction":[{"@type":"SearchAction","target":{"@type":"EntryPoint","urlTemplate":"https:\/\/www.my-watchsite.com\/blog\/?s={search_term_string}"},"query-input":"required name=search_term_string"}],"inLanguage":"en-US"},{"@type":"Person","@id":"https:\/\/www.my-watchsite.com\/blog\/#\/schema\/person\/d0a71aaf376997c19bcc32876032e616","name":"Chlo\u00e9 Redler","image":{"@type":"ImageObject","inLanguage":"en-US","@id":"https:\/\/www.my-watchsite.com\/blog\/#\/schema\/person\/image\/","url":"https:\/\/secure.gravatar.com\/avatar\/68b11128a6aeda527d5c85fdfe99d5ab?s=96&d=mm&r=g","contentUrl":"https:\/\/secure.gravatar.com\/avatar\/68b11128a6aeda527d5c85fdfe99d5ab?s=96&d=mm&r=g","caption":"Chlo\u00e9 Redler"}}]}},"_links":{"self":[{"href":"https:\/\/www.my-watchsite.com\/blog\/wp-json\/wp\/v2\/posts\/10964"}],"collection":[{"href":"https:\/\/www.my-watchsite.com\/blog\/wp-json\/wp\/v2\/posts"}],"about":[{"href":"https:\/\/www.my-watchsite.com\/blog\/wp-json\/wp\/v2\/types\/post"}],"author":[{"embeddable":true,"href":"https:\/\/www.my-watchsite.com\/blog\/wp-json\/wp\/v2\/users\/3"}],"replies":[{"embeddable":true,"href":"https:\/\/www.my-watchsite.com\/blog\/wp-json\/wp\/v2\/comments?post=10964"}],"version-history":[{"count":4,"href":"https:\/\/www.my-watchsite.com\/blog\/wp-json\/wp\/v2\/posts\/10964\/revisions"}],"predecessor-version":[{"id":10970,"href":"https:\/\/www.my-watchsite.com\/blog\/wp-json\/wp\/v2\/posts\/10964\/revisions\/10970"}],"wp:featuredmedia":[{"embeddable":true,"href":"https:\/\/www.my-watchsite.com\/blog\/wp-json\/wp\/v2\/media\/10965"}],"wp:attachment":[{"href":"https:\/\/www.my-watchsite.com\/blog\/wp-json\/wp\/v2\/media?parent=10964"}],"wp:term":[{"taxonomy":"category","embeddable":true,"href":"https:\/\/www.my-watchsite.com\/blog\/wp-json\/wp\/v2\/categories?post=10964"},{"taxonomy":"post_tag","embeddable":true,"href":"https:\/\/www.my-watchsite.com\/blog\/wp-json\/wp\/v2\/tags?post=10964"}],"curies":[{"name":"wp","href":"https:\/\/api.w.org\/{rel}","templated":true}]}}