{"id":1255,"date":"2012-09-27T00:00:00","date_gmt":"2012-09-26T22:00:00","guid":{"rendered":"https:\/\/www.my-watchsite.com\/blog\/carlos-arosillo-ceo-of-bell-and-ross-received-the-commendation-of-knight-of-the-french-legion-of-honor-n1260\/"},"modified":"2012-09-27T00:00:00","modified_gmt":"2012-09-26T22:00:00","slug":"carlos-arosillo-ceo-of-bell-and-ross-received-the-commendation-of-knight-of-the-french-legion-of-honor-n1260","status":"publish","type":"post","link":"https:\/\/www.my-watchsite.com\/blog\/carlos-arosillo-ceo-of-bell-and-ross-received-the-commendation-of-knight-of-the-french-legion-of-honor-n1260\/","title":{"rendered":"Carlos-A.Rosillo, CEO of Bell &#038; Ross, received the commendation of Knight of the French Legion of Honor"},"content":{"rendered":"<div>This party was particularly special this year as Bell &amp; Ross celebrated two significant events: <\/div>\n<div><\/div>\n<div>&#8211; <strong>Carlos-A.Rosillo, CEO of Bell &amp; Ross, received the prestigious commendation of Knight of the French Legion of Honor<\/strong> from General Baptiste, Director of the Mus\u00e9e de l\u2019Arm\u00e9e.<\/div>\n<div><\/div>\n<div>The evocative and proud moment was followed by the presentation of the new Bell &amp; Ross Vintage Collection, <em>a collection born from History.<\/em><\/div>\n<div><\/div>\n<div>&#8211; Two leading models were introduced for this occasion: <strong>the Vintage WW1 Chronographe Monopoussoir<\/strong>, which reinterprets authentic aviation chronographs of the period; and <strong>the Vintage WW2 R\u00e9gulateur H\u00e9ritage<\/strong>, a watch that pays tribute to timekeeping instruments used by bomber navigators in the 1930s and 1940s.<\/div>\n<div><em>Travelling back in time through key moments in the history of military watch making, Bell &amp; Ross bestows a collection which is at the heart of military history.<\/em><\/div>\n<div><\/div>\n<div>The award ceremony of the French Legion of Honor and the presentation of the new collection inspired by the military history were all the more meaningful: The H\u00f4tel National des Invalides, an emblematic military site full of history, was the perfect venue for this memorable night. After Carlos Rossillo\u2019s welcome speech, guests gathered around the exquisite culinary buffet and enjoyed Vintage Cognac and Cigar tasting.<\/div>\n<div><\/div>\n<div>Guests also had the opportunity to be photographed in a Vintage d\u00e9cor setting to the sound of an enchanting Jazz singer.<\/div>\n<div><\/div>\n<div>Almost 500 guests were present. Influential media figures rubbed elbows with military representatives, professional pilots, politicians, and watchmaking industry leaders, all sharing their common passion for timepieces.<\/div>\n<div><\/div>\n<div>But also present were all of those people who, at a variety of scales and stages, were the actors in and partners to Bell &amp; Ross\u2019s beautiful professional adventure, with whom Carlos Rosillo and Bruno Belamich were deeply honored and proud to share this exceptional moment.<\/div>\n<div><\/div>\n<div>The warm and inviting atmosphere lasted throughout the night &#8211; a event where, among all those watches, one really did not pay heed to the time\u2026 <\/div>\n<ul>\n<li><img decoding=\"async\" src=\"https:\/\/www.my-watchsite.com\/blog\/wp-content\/uploads\/sites\/2\/2020\/08\/372_946.jpg\" alt=\"The G\u00e9n\u00e9ral Baptiste, Director of the Mus\u00e9e de l'Arm\u00e9e and Carlos-A.Rosillo, CEO of Bell &amp; Ross, with his commendation of Knight of the French Legion of Honor.\" \/><\/li>\n<li><img decoding=\"async\" src=\"https:\/\/www.my-watchsite.com\/blog\/wp-content\/uploads\/sites\/2\/2020\/08\/372_947.jpg\" alt=\"Bruno Belamich, Director of the Creation of Bell &amp; Ross, Helmut Sinn and Carlos-A.Rosillo.\" \/><\/li>\n<li><img decoding=\"async\" src=\"https:\/\/www.my-watchsite.com\/blog\/wp-content\/uploads\/sites\/2\/2020\/08\/372_948.jpg\" alt=\"The G\u00e9n\u00e9ral Baptiste, Director of the Mus\u00e9e de l'Arm\u00e9e, Carlos-A.Rosillo, CEO of Bell &amp; Ross and the G\u00e9n\u00e9ral Charpentier, Gouverneur Militaire de Paris.\" \/><\/li>\n<\/ul>\n","protected":false},"excerpt":{"rendered":"<p>This party was particularly special this year as Bell &amp; Ross celebrated two significant events: &#8211; Carlos-A.Rosillo, CEO of Bell &amp; Ross, received the prestigious commendation of Knight of the French Legion of Honor from General Baptiste, Director of the Mus\u00e9e de l\u2019Arm\u00e9e. The evocative and proud moment was followed by the presentation of the [&hellip;]<\/p>\n","protected":false},"author":1,"featured_media":1256,"comment_status":"closed","ping_status":"closed","sticky":false,"template":"","format":"standard","meta":{"footnotes":""},"categories":[2],"tags":[26],"acf":[],"yoast_head":"<!-- This site is optimized with the Yoast SEO plugin v20.4 - https:\/\/yoast.com\/wordpress\/plugins\/seo\/ -->\n<title>Carlos-A.Rosillo, CEO of Bell &amp; Ross, received the commendation of Knight of the French Legion of Honor - MyWatch EN<\/title>\n<meta name=\"robots\" content=\"index, follow, max-snippet:-1, max-image-preview:large, max-video-preview:-1\" \/>\n<link rel=\"canonical\" href=\"https:\/\/www.my-watchsite.com\/blog\/carlos-arosillo-ceo-of-bell-and-ross-received-the-commendation-of-knight-of-the-french-legion-of-honor-n1260\/\" \/>\n<meta property=\"og:locale\" content=\"en_US\" \/>\n<meta property=\"og:type\" content=\"article\" \/>\n<meta property=\"og:title\" content=\"Carlos-A.Rosillo, CEO of Bell &amp; Ross, received the commendation of Knight of the French Legion of Honor - MyWatch EN\" \/>\n<meta property=\"og:description\" content=\"This party was particularly special this year as Bell &amp; Ross celebrated two significant events: &#8211; Carlos-A.Rosillo, CEO of Bell &amp; Ross, received the prestigious commendation of Knight of the French Legion of Honor from General Baptiste, Director of the Mus\u00e9e de l\u2019Arm\u00e9e. The evocative and proud moment was followed by the presentation of the [&hellip;]\" \/>\n<meta property=\"og:url\" content=\"https:\/\/www.my-watchsite.com\/blog\/carlos-arosillo-ceo-of-bell-and-ross-received-the-commendation-of-knight-of-the-french-legion-of-honor-n1260\/\" \/>\n<meta property=\"og:site_name\" content=\"MyWatch EN\" \/>\n<meta property=\"article:publisher\" content=\"https:\/\/www.facebook.com\/MyWatchSite\/\" \/>\n<meta property=\"article:published_time\" content=\"2012-09-26T22:00:00+00:00\" \/>\n<meta property=\"og:image\" content=\"https:\/\/www.my-watchsite.com\/blog\/wp-content\/uploads\/sites\/2\/2020\/08\/372_946.jpg\" \/>\n\t<meta property=\"og:image:width\" content=\"450\" \/>\n\t<meta property=\"og:image:height\" content=\"299\" \/>\n\t<meta property=\"og:image:type\" content=\"image\/jpeg\" \/>\n<meta name=\"author\" content=\"MyWatch\" \/>\n<meta name=\"twitter:card\" content=\"summary_large_image\" \/>\n<meta name=\"twitter:creator\" content=\"@mywatchsite\" \/>\n<meta name=\"twitter:site\" content=\"@mywatchsite\" \/>\n<meta name=\"twitter:label1\" content=\"Written by\" \/>\n\t<meta name=\"twitter:data1\" content=\"MyWatch\" \/>\n\t<meta name=\"twitter:label2\" content=\"Est. reading time\" \/>\n\t<meta name=\"twitter:data2\" content=\"2 minutes\" \/>\n<script type=\"application\/ld+json\" class=\"yoast-schema-graph\">{\"@context\":\"https:\/\/schema.org\",\"@graph\":[{\"@type\":\"WebPage\",\"@id\":\"https:\/\/www.my-watchsite.com\/blog\/carlos-arosillo-ceo-of-bell-and-ross-received-the-commendation-of-knight-of-the-french-legion-of-honor-n1260\/\",\"url\":\"https:\/\/www.my-watchsite.com\/blog\/carlos-arosillo-ceo-of-bell-and-ross-received-the-commendation-of-knight-of-the-french-legion-of-honor-n1260\/\",\"name\":\"Carlos-A.Rosillo, CEO of Bell & Ross, received the commendation of Knight of the French Legion of Honor - MyWatch EN\",\"isPartOf\":{\"@id\":\"https:\/\/www.my-watchsite.com\/blog\/#website\"},\"datePublished\":\"2012-09-26T22:00:00+00:00\",\"dateModified\":\"2012-09-26T22:00:00+00:00\",\"author\":{\"@id\":\"https:\/\/www.my-watchsite.com\/blog\/#\/schema\/person\/67e19b3e3d014465042ff1be1c9fcf44\"},\"breadcrumb\":{\"@id\":\"https:\/\/www.my-watchsite.com\/blog\/carlos-arosillo-ceo-of-bell-and-ross-received-the-commendation-of-knight-of-the-french-legion-of-honor-n1260\/#breadcrumb\"},\"inLanguage\":\"en-US\",\"potentialAction\":[{\"@type\":\"ReadAction\",\"target\":[\"https:\/\/www.my-watchsite.com\/blog\/carlos-arosillo-ceo-of-bell-and-ross-received-the-commendation-of-knight-of-the-french-legion-of-honor-n1260\/\"]}]},{\"@type\":\"BreadcrumbList\",\"@id\":\"https:\/\/www.my-watchsite.com\/blog\/carlos-arosillo-ceo-of-bell-and-ross-received-the-commendation-of-knight-of-the-french-legion-of-honor-n1260\/#breadcrumb\",\"itemListElement\":[{\"@type\":\"ListItem\",\"position\":1,\"name\":\"Accueil\",\"item\":\"https:\/\/www.my-watchsite.com\/blog\/\"},{\"@type\":\"ListItem\",\"position\":2,\"name\":\"Carlos-A.Rosillo, CEO of Bell &#038; Ross, received the commendation of Knight of the French Legion of Honor\"}]},{\"@type\":\"WebSite\",\"@id\":\"https:\/\/www.my-watchsite.com\/blog\/#website\",\"url\":\"https:\/\/www.my-watchsite.com\/blog\/\",\"name\":\"MyWatch EN\",\"description\":\"Make Time a Lifestyle\",\"potentialAction\":[{\"@type\":\"SearchAction\",\"target\":{\"@type\":\"EntryPoint\",\"urlTemplate\":\"https:\/\/www.my-watchsite.com\/blog\/?s={search_term_string}\"},\"query-input\":\"required name=search_term_string\"}],\"inLanguage\":\"en-US\"},{\"@type\":\"Person\",\"@id\":\"https:\/\/www.my-watchsite.com\/blog\/#\/schema\/person\/67e19b3e3d014465042ff1be1c9fcf44\",\"name\":\"MyWatch\",\"image\":{\"@type\":\"ImageObject\",\"inLanguage\":\"en-US\",\"@id\":\"https:\/\/www.my-watchsite.com\/blog\/#\/schema\/person\/image\/\",\"url\":\"https:\/\/secure.gravatar.com\/avatar\/e52d1e94806c54826c863f554ca1dd2a?s=96&d=mm&r=g\",\"contentUrl\":\"https:\/\/secure.gravatar.com\/avatar\/e52d1e94806c54826c863f554ca1dd2a?s=96&d=mm&r=g\",\"caption\":\"MyWatch\"},\"sameAs\":[\"https:\/\/www.my-watchsite.fr\/blog\"]}]}<\/script>\n<!-- \/ Yoast SEO plugin. -->","yoast_head_json":{"title":"Carlos-A.Rosillo, CEO of Bell & Ross, received the commendation of Knight of the French Legion of Honor - MyWatch EN","robots":{"index":"index","follow":"follow","max-snippet":"max-snippet:-1","max-image-preview":"max-image-preview:large","max-video-preview":"max-video-preview:-1"},"canonical":"https:\/\/www.my-watchsite.com\/blog\/carlos-arosillo-ceo-of-bell-and-ross-received-the-commendation-of-knight-of-the-french-legion-of-honor-n1260\/","og_locale":"en_US","og_type":"article","og_title":"Carlos-A.Rosillo, CEO of Bell & Ross, received the commendation of Knight of the French Legion of Honor - MyWatch EN","og_description":"This party was particularly special this year as Bell &amp; Ross celebrated two significant events: &#8211; Carlos-A.Rosillo, CEO of Bell &amp; Ross, received the prestigious commendation of Knight of the French Legion of Honor from General Baptiste, Director of the Mus\u00e9e de l\u2019Arm\u00e9e. The evocative and proud moment was followed by the presentation of the [&hellip;]","og_url":"https:\/\/www.my-watchsite.com\/blog\/carlos-arosillo-ceo-of-bell-and-ross-received-the-commendation-of-knight-of-the-french-legion-of-honor-n1260\/","og_site_name":"MyWatch EN","article_publisher":"https:\/\/www.facebook.com\/MyWatchSite\/","article_published_time":"2012-09-26T22:00:00+00:00","og_image":[{"width":450,"height":299,"url":"https:\/\/www.my-watchsite.com\/blog\/wp-content\/uploads\/sites\/2\/2020\/08\/372_946.jpg","type":"image\/jpeg"}],"author":"MyWatch","twitter_card":"summary_large_image","twitter_creator":"@mywatchsite","twitter_site":"@mywatchsite","twitter_misc":{"Written by":"MyWatch","Est. reading time":"2 minutes"},"schema":{"@context":"https:\/\/schema.org","@graph":[{"@type":"WebPage","@id":"https:\/\/www.my-watchsite.com\/blog\/carlos-arosillo-ceo-of-bell-and-ross-received-the-commendation-of-knight-of-the-french-legion-of-honor-n1260\/","url":"https:\/\/www.my-watchsite.com\/blog\/carlos-arosillo-ceo-of-bell-and-ross-received-the-commendation-of-knight-of-the-french-legion-of-honor-n1260\/","name":"Carlos-A.Rosillo, CEO of Bell & Ross, received the commendation of Knight of the French Legion of Honor - MyWatch EN","isPartOf":{"@id":"https:\/\/www.my-watchsite.com\/blog\/#website"},"datePublished":"2012-09-26T22:00:00+00:00","dateModified":"2012-09-26T22:00:00+00:00","author":{"@id":"https:\/\/www.my-watchsite.com\/blog\/#\/schema\/person\/67e19b3e3d014465042ff1be1c9fcf44"},"breadcrumb":{"@id":"https:\/\/www.my-watchsite.com\/blog\/carlos-arosillo-ceo-of-bell-and-ross-received-the-commendation-of-knight-of-the-french-legion-of-honor-n1260\/#breadcrumb"},"inLanguage":"en-US","potentialAction":[{"@type":"ReadAction","target":["https:\/\/www.my-watchsite.com\/blog\/carlos-arosillo-ceo-of-bell-and-ross-received-the-commendation-of-knight-of-the-french-legion-of-honor-n1260\/"]}]},{"@type":"BreadcrumbList","@id":"https:\/\/www.my-watchsite.com\/blog\/carlos-arosillo-ceo-of-bell-and-ross-received-the-commendation-of-knight-of-the-french-legion-of-honor-n1260\/#breadcrumb","itemListElement":[{"@type":"ListItem","position":1,"name":"Accueil","item":"https:\/\/www.my-watchsite.com\/blog\/"},{"@type":"ListItem","position":2,"name":"Carlos-A.Rosillo, CEO of Bell &#038; Ross, received the commendation of Knight of the French Legion of Honor"}]},{"@type":"WebSite","@id":"https:\/\/www.my-watchsite.com\/blog\/#website","url":"https:\/\/www.my-watchsite.com\/blog\/","name":"MyWatch EN","description":"Make Time a Lifestyle","potentialAction":[{"@type":"SearchAction","target":{"@type":"EntryPoint","urlTemplate":"https:\/\/www.my-watchsite.com\/blog\/?s={search_term_string}"},"query-input":"required name=search_term_string"}],"inLanguage":"en-US"},{"@type":"Person","@id":"https:\/\/www.my-watchsite.com\/blog\/#\/schema\/person\/67e19b3e3d014465042ff1be1c9fcf44","name":"MyWatch","image":{"@type":"ImageObject","inLanguage":"en-US","@id":"https:\/\/www.my-watchsite.com\/blog\/#\/schema\/person\/image\/","url":"https:\/\/secure.gravatar.com\/avatar\/e52d1e94806c54826c863f554ca1dd2a?s=96&d=mm&r=g","contentUrl":"https:\/\/secure.gravatar.com\/avatar\/e52d1e94806c54826c863f554ca1dd2a?s=96&d=mm&r=g","caption":"MyWatch"},"sameAs":["https:\/\/www.my-watchsite.fr\/blog"]}]}},"_links":{"self":[{"href":"https:\/\/www.my-watchsite.com\/blog\/wp-json\/wp\/v2\/posts\/1255"}],"collection":[{"href":"https:\/\/www.my-watchsite.com\/blog\/wp-json\/wp\/v2\/posts"}],"about":[{"href":"https:\/\/www.my-watchsite.com\/blog\/wp-json\/wp\/v2\/types\/post"}],"author":[{"embeddable":true,"href":"https:\/\/www.my-watchsite.com\/blog\/wp-json\/wp\/v2\/users\/1"}],"replies":[{"embeddable":true,"href":"https:\/\/www.my-watchsite.com\/blog\/wp-json\/wp\/v2\/comments?post=1255"}],"version-history":[{"count":0,"href":"https:\/\/www.my-watchsite.com\/blog\/wp-json\/wp\/v2\/posts\/1255\/revisions"}],"wp:featuredmedia":[{"embeddable":true,"href":"https:\/\/www.my-watchsite.com\/blog\/wp-json\/wp\/v2\/media\/1256"}],"wp:attachment":[{"href":"https:\/\/www.my-watchsite.com\/blog\/wp-json\/wp\/v2\/media?parent=1255"}],"wp:term":[{"taxonomy":"category","embeddable":true,"href":"https:\/\/www.my-watchsite.com\/blog\/wp-json\/wp\/v2\/categories?post=1255"},{"taxonomy":"post_tag","embeddable":true,"href":"https:\/\/www.my-watchsite.com\/blog\/wp-json\/wp\/v2\/tags?post=1255"}],"curies":[{"name":"wp","href":"https:\/\/api.w.org\/{rel}","templated":true}]}}