{"id":13929,"date":"2022-10-24T18:44:00","date_gmt":"2022-10-24T16:44:00","guid":{"rendered":"https:\/\/www.my-watchsite.com\/blog\/?p=13929"},"modified":"2022-12-16T15:22:46","modified_gmt":"2022-12-16T14:22:46","slug":"black-is-the-new-black","status":"publish","type":"post","link":"https:\/\/www.my-watchsite.com\/blog\/black-is-the-new-black\/","title":{"rendered":"Black is the new black"},"content":{"rendered":"\n<figure class=\"wp-block-embed is-type-video is-provider-youtube wp-block-embed-youtube wp-embed-aspect-16-9 wp-has-aspect-ratio\"><div class=\"wp-block-embed__wrapper\">\n<iframe loading=\"lazy\" title=\"MIB MONTRES IN BLACK : le noir d\u00e9sir horloger... TAG HEUER X PORSCHE, ORIS, BVLGARI, DIOR.\" width=\"500\" height=\"281\" src=\"https:\/\/www.youtube.com\/embed\/leyD5ZdapV0?feature=oembed\" frameborder=\"0\" allow=\"accelerometer; autoplay; clipboard-write; encrypted-media; gyroscope; picture-in-picture\" allowfullscreen><\/iframe>\n<\/div><\/figure>\n\n\n\n<p>Yes, but&#8230; don\u2019t go buying the first black watch that comes along. If the watch is treated with poor quality material, soon enough that black colour will fade around the edges of the case and the bracelet. Steel must be blackened according to the rules of the art, for example with DLC coating. This process is used by big manufactures to guarantee long-lasting shine and colour depth.<\/p>\n\n\n\n<h2 class=\"wp-block-heading\"><strong>LA D DE DIOR BLACK ULTRAMATTE<\/strong><\/h2>\n\n\n\n<p>Victoire de&nbsp;Castellane, Dior\u2019s legendary&nbsp;creative director, pulls out all the stops with this ebony-coloured D de Dior. It follows the spirit of Monsieur Dior, who once said: \u201cI could write&nbsp;a whole book&nbsp;about black\u201d.&nbsp;<\/p>\n\n\n\n<figure class=\"wp-block-image\"><img decoding=\"async\" loading=\"lazy\" src=\"https:\/\/www.my-watchsite.fr\/blog\/wp-content\/uploads\/2022\/10\/dior1.jpg\" alt=\"L'\u00e9l\u00e9gance de la D de Dior Ultramatte ne fait aucun doute lorsqu'on la passe au poignet.\" class=\"wp-image-23488\" \/><figcaption class=\"wp-element-caption\">The elegance of the D de Dior&nbsp;Ultramatte&nbsp;is beyond doubt when slipped on the wrist.<\/figcaption><\/figure>\n\n\n\n<p>With its exclusive Milanese mesh strap, the D de Dior Black&nbsp;Ultramatte&nbsp;is like an incredibly smooth black silk ribbon that could tell the time.<br>A watch or a jewel? That\u2019s up to you. I think it can be both. In its version with a bezel set in black diamonds, this is undoubtedly a woman\u2019s watch.<\/p>\n\n\n\n<figure class=\"wp-block-image\"><img decoding=\"async\" loading=\"lazy\" src=\"https:\/\/www.my-watchsite.fr\/blog\/wp-content\/uploads\/2022\/10\/dior-double.jpg\" alt=\"V\u00e9ritablement non genr\u00e9e lorsque la lunette est martel\u00e9e, la D de Dior Ultramatte se f\u00e9minise avec la lunette sertie de diamants noir.\" class=\"wp-image-23489\" \/><figcaption class=\"wp-element-caption\">La D de Dior is truly gender-neutral with its hammered bezel, but takes on a feminine look with the bezel set in black diamonds.<\/figcaption><\/figure>\n\n\n\n<p>However, this is up for debate with the three small black diamond indices. This watch would be extremely chic on a man with a slim wrist in formal wear.&nbsp;<br>Even with the diamond-studded crown that remains very understated.<\/p>\n\n\n\n<p><strong>TECHNICAL SPECIFICATIONS<\/strong><\/p>\n\n\n\n<p>34 mm case in black DLC-coated steel<br>Steel crown with engraved logo, set with 13 brilliant-cut diamonds (0.07\u00a0ct)<br>Black DLC-coated steel bezel boasting a &#8216;Satine&#8217; motif<br>Water resistance: 30 meters (98 feet)\u00a0<br>Polished black PVD-coated Dauphine hands<br>Three brilliant-cut diamond indices (0.02\u00a0ct)<br>Anti-glare sapphire crystal<br>Milanese strap in black DLC-coated steel<br>Unfolding buckle<br>Quartz movement<\/p>\n\n\n\n<p><a href=\"https:\/\/www.dior.com\/en_gb\/fashion\/products\/CD04311X1208_0000-la-d-de-dior-black-ultramatte-o-34-mm-black-ultramatte-steel\" target=\"_blank\" rel=\"noreferrer noopener\">Satine\u00a0hammered bezel version \u2013 \u20ac4,300<\/a><\/p>\n\n\n\n<p><a href=\"https:\/\/www.dior.com\/en_gb\/fashion\/products\/CD04311X1207_0000-la-d-de-dior-black-ultramatte\" target=\"_blank\" rel=\"noreferrer noopener\">52 diamond set bezel version \u2013 \u20ac6,800<\/a><\/p>\n\n\n\n<h2 class=\"wp-block-heading\"><strong>BULGARI&nbsp;BULGARI<\/strong><\/h2>\n\n\n\n<p>This black watch stands out with its bezel engraving, spelling out BVLGARI twice. Hence its nickname, BB. Don\u2019t forget Bulgari is an Italian&nbsp;maison, even though their watches are manufactured in Switzerland. This explains the V-shaped U, a design borrowed from imperial Rome, when mottoes and names were engraved on the pediments of temples and monuments.<\/p>\n\n\n\n<figure class=\"wp-block-image\"><img decoding=\"async\" loading=\"lazy\" src=\"https:\/\/www.my-watchsite.fr\/blog\/wp-content\/uploads\/2022\/10\/bulgari1.jpg\" alt=\"Avec son calibre m\u00e9canique de manufacture, la Bvlgari-Bvlgari affiche un diam\u00e8tre de 41 mm et se dote d'une date \u00e0 3 heures.\" class=\"wp-image-23485\" \/><figcaption class=\"wp-element-caption\">With its manufacture mechanical calibre, the&nbsp;Bvlgari&nbsp;Bvlgari&nbsp;has a 41mm case and displays the date at 3 o\u2019clock.<\/figcaption><\/figure>\n\n\n\n<p>This icon now features in the permanent collection,&nbsp;to the delight of enthusiasts. All enthusiasts,&nbsp;as the watch is available in two sizes: 33mm with quartz movement and 41mm with&nbsp;selfwinding&nbsp;mechanical BVL 191 calibre, visible through the transparent&nbsp;caseback.&nbsp;<\/p>\n\n\n\n<figure class=\"wp-block-image\"><img decoding=\"async\" loading=\"lazy\" src=\"https:\/\/www.my-watchsite.fr\/blog\/wp-content\/uploads\/2022\/10\/bulgari-3.jpg\" alt=\"Avec son mouvement quartz et sa taille de 33 mm, la Bulgari-Bvlgari s'impose comme une montre f\u00e9minine et de caract\u00e8re.\" class=\"wp-image-23486\" \/><figcaption class=\"wp-element-caption\">In its 33mm and quartz version, the&nbsp;Bvlgari&nbsp;Bvlgari&nbsp;asserts itself as a feminine model with great character.<\/figcaption><\/figure>\n\n\n\n<p>This fine DLC-coated black steel watch has a steel crown set with a black ceramic insert, stainless steel bracelet with DLC coating, and unfolding&nbsp;buckle. It boasts a black lacquered dial with applique indices. This happy Italian-Swiss marriage results in absolute chic.<\/p>\n\n\n\n<figure class=\"wp-block-image\"><img decoding=\"async\" loading=\"lazy\" src=\"https:\/\/www.my-watchsite.fr\/blog\/wp-content\/uploads\/2022\/10\/bulgari2-e1666519395770.jpg\" alt=\"Un fond saphir permet d'admirer un calibre automatique de belle facture muni d'une masse oscillante sigl\u00e9e.\" class=\"wp-image-23487\" \/><figcaption class=\"wp-element-caption\">The sapphire&nbsp;caseback&nbsp;reveals a finely crafted automatic calibre, featuring a branded oscillating mass.<\/figcaption><\/figure>\n\n\n\n<p><strong>TECHNICAL SPECIFICATIONS<\/strong><\/p>\n\n\n\n<p>Diameter (mm): 41 or 33<br>Automatic or quartz<br>Black DLC stainless steel<br>42-Hour power reserve\u00a0<br>Water resistance: 50 m<\/p>\n\n\n\n<p><a href=\"https:\/\/www.bulgari.com\/en-gb\/watches\/mens\/bvlgari-bvlgari-watch-black-103540\" target=\"_blank\" rel=\"noreferrer noopener\">Mechanical calibre version \u2013 \u20ac5,200<\/a><\/p>\n\n\n\n<p><a href=\"https:\/\/www.bulgari.com\/en-gb\/watches\/womens\/bvlgari-bvlgari-watch-steel-black-103557\" target=\"_blank\" rel=\"noreferrer noopener\">Quartz movement version \u2013 \u20ac3,900<\/a><\/p>\n\n\n\n<h2 class=\"wp-block-heading\"><strong>TAG Heuer Connected Calibre E4<br>Porsche Edition&nbsp;<\/strong><\/h2>\n\n\n\n<p>The icy-blue look of this black watch was inspired by Porsche\u2019s electric car, the&nbsp;Taycan.<\/p>\n\n\n\n<figure class=\"wp-block-image\"><img decoding=\"async\" loading=\"lazy\" src=\"https:\/\/www.my-watchsite.fr\/blog\/wp-content\/uploads\/2022\/10\/porsche-4.jpg\" alt=\"Le cadran &quot;circuit imprim\u00e9&quot; de la TAG Heuer Porsche Connected lui donne un look exclusif et tr\u00e8s futuriste.\" class=\"wp-image-23496\" \/><figcaption class=\"wp-element-caption\">The TAG Heuer Porsche Connected features a dial with a printed circuit board design, giving it an exclusive and futuristic look.<\/figcaption><\/figure>\n\n\n\n<p>I can already hear purists scream \u201can electric Porsche! That\u2019s a capital offence!\u201d Well, I see where they\u2019re coming from \u2013 I used to think like them. Until I tried out the&nbsp;Taycan&nbsp;Turbo for myself. That test drive was not off to a good start, because all I could think&nbsp;was \u201cCalling an electric car a Turbo, what a joke&#8230;\u201d To which Porsche replied: \u201cJust try it, and then we\u2019ll talk.\u201d Wow. Let\u2019s just say: prepare to be amazed and astounded. I\u2019ve never driven a passenger car that could accelerate this way. Even a GT can\u2019t speed like this. Hence the \u201cTurbo\u201d in the name, I\u2019m told, to convey the gentle brutality of the thing. Alright, I&#8217;ll take it. Hats off to Porsche. Anyway, tangent\u2019s over, I\u2019m putting away my prejudice. Okay, just one last thing: you can\u2019t beat the sound of a sport exhaust.&nbsp;<\/p>\n\n\n\n<figure class=\"wp-block-image\"><img decoding=\"async\" loading=\"lazy\" src=\"https:\/\/www.my-watchsite.fr\/blog\/wp-content\/uploads\/2022\/10\/porsche-1.jpg\" alt=\"Bleu et noir, les poussoir reprennent les codes couleurs de la TAG Heuer Porsche Connected.\" class=\"wp-image-23492\" \/><figcaption class=\"wp-element-caption\">The black and blue pushers echo the colours of the TAG Heuer Porsche Connected.<\/figcaption><\/figure>\n\n\n\n<p>But back to the watch: in addition to all the features of the E4&nbsp;caliber&nbsp;we&nbsp;talked about in our video on connected watches (see below), it has Wear OS features for Porsche owners \u2013 their car info displayed directly on the dial. For instance, mileage and electric or gas driving range. The watch can also be used to adjust air conditioning, heating, and chassis condition.<\/p>\n\n\n\n<figure class=\"wp-block-image\"><img decoding=\"async\" loading=\"lazy\" src=\"https:\/\/www.my-watchsite.fr\/blog\/wp-content\/uploads\/2022\/10\/porsche-2.jpg\" alt=\"Les fonctions sp\u00e9ciales de la TAG Heuer Porsche Connected d\u00e9di\u00e9es aux automobiles du constructeur.\" class=\"wp-image-23491\" \/><figcaption class=\"wp-element-caption\">Special functions on the TAG Heuer Porsche Connected, dedicated to the brand\u2019s vehicles.<\/figcaption><\/figure>\n\n\n\n<p>Stunning colour, carbon imitation black calf leather, strap topstitching&#8230; Everything evokes the meticulous design of Porsche interiors. A frank success, bound to be a Porsche owner\u2019s second \u2013 or umpteenth \u2013 watch.&nbsp;A word of caution, however: not all car models are compatible at the moment. Here\u2019s the list:&nbsp;Panamera (G2 II, 2022 models and later), Panamera (G2), 911 (992, 2022 models and later), Cayenne (E3, 2022 models and later), Cayenne (E2 II), 718, Macan II\/III, Macan,&nbsp;Taycan.<\/p>\n\n\n\n<p><strong>TECHNICAL SPECIFICATIONS<\/strong><\/p>\n\n\n\n<p>Autonomy: full day (including Wellness, 1.5 hours of running, 2 hours of walking) and full day (including Wellness and 5 hours of golf)<br>Charging time: 100% in 1.5 hours\u00a0<br>Heart rate monitor, compass, accelerometer, gyroscope, NFC, microphone, barometer<br>Operating system: Wear2 by Google<br>Sports apps: running, cycling, fitness, swimming, golf, etc.<br>Chronometer, timer, alarm<br>Exclusive Porsche dial<br>45 mm diameter<br>Grade 2 sand-blasted black DLC coating titanium case<br>Black polished ceramic bezel with icy blue and lacquered grey details<br>Flat sapphire crystal<br>Water resistance: 50 m<\/p>\n\n\n\n<p><a href=\"https:\/\/www.tagheuer.com\/fr\/en\/smartwatches\/collections\/tag-heuer-connected\/45-mm\/SBR8A82.EB0264.html\" target=\"_blank\" rel=\"noreferrer noopener\">\u20ac2,650 (click here for a 3D showcase)<\/a><\/p>\n\n\n\n<h2 class=\"wp-block-heading\"><strong>AquisPro&nbsp;Date Calibre 400<\/strong><\/h2>\n\n\n\n<p>Designed to be used for saturation dives (very deep dives), this black watch is a highly technical tool for professionals. It was designed for professional divers working in helium-enriched environments, often hundreds of meters deep.<\/p>\n\n\n\n<figure class=\"wp-block-image\"><img decoding=\"async\" loading=\"lazy\" src=\"https:\/\/www.my-watchsite.fr\/blog\/wp-content\/uploads\/2022\/10\/oris-2-1.jpg\" alt=\"La Oris Aquispro date n'est pas si imposante que \u00e7a au poignet et pourtant de dimension tr\u00e8s g\u00e9n\u00e9reuse.\" class=\"wp-image-23498\" \/><figcaption class=\"wp-element-caption\">The&nbsp;Oris&nbsp;AquisPro&nbsp;Date boasts generous dimensions, but is not&nbsp;too&nbsp;intimidating when worn.<\/figcaption><\/figure>\n\n\n\n<p>Particularly noteworthy is its bezel locking system,&nbsp;Oris\u2019s&nbsp;patented Rotation Safety System (RSS). This function allows the wearer to adjust and lock the&nbsp;uni-directional rotating bezel securely into place. Its chunky rubber grip makes it easy to operate, even when wearing gloves.&nbsp; <\/p>\n\n\n\n<figure class=\"wp-block-image\"><img decoding=\"async\" loading=\"lazy\" src=\"https:\/\/www.my-watchsite.fr\/blog\/wp-content\/uploads\/2022\/10\/oris3-1.jpg\" alt=\"Le minutage en jaune sur la lunette permet \u00e0 cette montre Oris Aquispro Date d'\u00eatre lisible m\u00eame dans l'obscurit\u00e9 des profondeurs.\" class=\"wp-image-23497\" \/><figcaption class=\"wp-element-caption\">A yellow&nbsp;minutes&nbsp;scale on the bezel delivers high levels of low-light legibility.<\/figcaption><\/figure>\n\n\n\n<p>Of course, it has all the attributes of a diving watch, with a helium valve. The highly reliable, well-crafted 400 calibre adds further quality to this instrument.<\/p>\n\n\n\n<figure class=\"wp-block-image\"><img decoding=\"async\" loading=\"lazy\" src=\"https:\/\/www.my-watchsite.fr\/blog\/wp-content\/uploads\/2022\/10\/oris-1-1.jpg\" alt=\"Le syst\u00e8me de blocage de la lunette sur cette montre Oris est tr\u00e8s efficace.\" class=\"wp-image-23499\" \/><figcaption class=\"wp-element-caption\">The bezel locking system on this&nbsp;Oris&nbsp;watch is very effective.<\/figcaption><\/figure>\n\n\n\n<p><strong>TECHNICAL SPECIFICATIONS<\/strong><\/p>\n\n\n\n<p>49.5 mm case in titanium and black DLC-coated steel<br>Ceramic bezel<br>Anti-glare sapphire crystal<br>Water resistant to 1,000 meters<br>Automatic 400 calibre<br>120-hour power reserve<\/p>\n\n\n\n<p><a href=\"https:\/\/www.oris.ch\/en\/watch\/aquispro-date-calibre-400\/01-400-7767-7754-07-426-64bteb\" target=\"_blank\" rel=\"noreferrer noopener\">\u20ac4,400<\/a><\/p>\n\n\n\n<figure class=\"wp-block-embed is-type-wp-embed is-provider-mywatch-en wp-block-embed-mywatch-en\"><div class=\"wp-block-embed__wrapper\">\n<blockquote class=\"wp-embedded-content\" data-secret=\"UeZ1hiQ1JP\"><a href=\"https:\/\/www.my-watchsite.com\/blog\/connected-watches-a-new-generation-is-seizing-power\/\">Connected watches: a new generation is seizing power<\/a><\/blockquote><iframe class=\"wp-embedded-content\" sandbox=\"allow-scripts\" security=\"restricted\" style=\"position: absolute; clip: rect(1px, 1px, 1px, 1px);\" title=\"\u00ab\u00a0Connected watches: a new generation is seizing power\u00a0\u00bb &#8212; MyWatch EN\" src=\"https:\/\/www.my-watchsite.com\/blog\/connected-watches-a-new-generation-is-seizing-power\/embed\/#?secret=3tkIPvmi9Y#?secret=UeZ1hiQ1JP\" data-secret=\"UeZ1hiQ1JP\" width=\"500\" height=\"282\" frameborder=\"0\" marginwidth=\"0\" marginheight=\"0\" scrolling=\"no\"><\/iframe>\n<\/div><\/figure>\n\n\n\n<figure class=\"wp-block-embed is-type-video is-provider-youtube wp-block-embed-youtube wp-embed-aspect-16-9 wp-has-aspect-ratio\"><div class=\"wp-block-embed__wrapper\">\n<iframe loading=\"lazy\" title=\"Les 4 meilleures montres connect\u00e9es ?! \ud83e\udd14\" width=\"500\" height=\"281\" src=\"https:\/\/www.youtube.com\/embed\/VpdRvnuhojk?feature=oembed\" frameborder=\"0\" allow=\"accelerometer; autoplay; clipboard-write; encrypted-media; gyroscope; picture-in-picture\" allowfullscreen><\/iframe>\n<\/div><\/figure>\n\n\n\n<figure class=\"wp-block-embed is-type-wp-embed is-provider-mywatch-en wp-block-embed-mywatch-en\"><div class=\"wp-block-embed__wrapper\">\n<blockquote class=\"wp-embedded-content\" data-secret=\"OtyfHR0fAQ\"><a href=\"https:\/\/www.my-watchsite.com\/blog\/oris-calibre-400-revolution-in-the-making\/\">Oris Calibre 400, revolution in the making: part II<\/a><\/blockquote><iframe class=\"wp-embedded-content\" sandbox=\"allow-scripts\" security=\"restricted\" style=\"position: absolute; clip: rect(1px, 1px, 1px, 1px);\" title=\"\u00ab\u00a0Oris Calibre 400, revolution in the making: part II\u00a0\u00bb &#8212; MyWatch EN\" src=\"https:\/\/www.my-watchsite.com\/blog\/oris-calibre-400-revolution-in-the-making\/embed\/#?secret=OsiqhIFRwX#?secret=OtyfHR0fAQ\" data-secret=\"OtyfHR0fAQ\" width=\"500\" height=\"282\" frameborder=\"0\" marginwidth=\"0\" marginheight=\"0\" scrolling=\"no\"><\/iframe>\n<\/div><\/figure>\n\n\n\n<figure class=\"wp-block-embed is-type-video is-provider-youtube wp-block-embed-youtube wp-embed-aspect-16-9 wp-has-aspect-ratio\"><div class=\"wp-block-embed__wrapper\">\n<iframe loading=\"lazy\" title=\"ORIS Calibre 400 - \u00c9volution ou r\u00e9volution ?!\" width=\"500\" height=\"281\" src=\"https:\/\/www.youtube.com\/embed\/PVm1WsO8d_Q?feature=oembed\" frameborder=\"0\" allow=\"accelerometer; autoplay; clipboard-write; encrypted-media; gyroscope; picture-in-picture\" allowfullscreen><\/iframe>\n<\/div><\/figure>\n\n\n\n<figure class=\"wp-block-embed is-type-video is-provider-youtube wp-block-embed-youtube wp-embed-aspect-16-9 wp-has-aspect-ratio\"><div class=\"wp-block-embed__wrapper\">\n<iframe loading=\"lazy\" title=\"Exceptional pieces: La D de Dior\" width=\"500\" height=\"281\" src=\"https:\/\/www.youtube.com\/embed\/5a9mwGYu8u4?feature=oembed\" frameborder=\"0\" allow=\"accelerometer; autoplay; clipboard-write; encrypted-media; gyroscope; picture-in-picture\" allowfullscreen><\/iframe>\n<\/div><\/figure>\n","protected":false},"excerpt":{"rendered":"<p>Is black a colour? Good question. It\u2019s definitely a shade. And it\u2019s definitely a trend that watchmakers are hopping on, with noteworthy \u2013 and praiseworthy \u2013 designs. When it comes to watches, black is the new black.<\/p>\n","protected":false},"author":4,"featured_media":13967,"comment_status":"closed","ping_status":"closed","sticky":false,"template":"","format":"standard","meta":{"footnotes":""},"categories":[2],"tags":[375,330,15,29,12],"acf":[],"yoast_head":"<!-- This site is optimized with the Yoast SEO plugin v20.4 - https:\/\/yoast.com\/wordpress\/plugins\/seo\/ -->\n<title>Black is the new black-watch edition<\/title>\n<meta name=\"description\" content=\"Is black a colour? Good question. It\u2019s definitely a shade. When it comes to watches, this color is the new black.\" \/>\n<meta name=\"robots\" content=\"index, follow, max-snippet:-1, max-image-preview:large, max-video-preview:-1\" \/>\n<link rel=\"canonical\" href=\"https:\/\/www.my-watchsite.com\/blog\/black-is-the-new-black\/\" \/>\n<meta property=\"og:locale\" content=\"en_US\" \/>\n<meta property=\"og:type\" content=\"article\" \/>\n<meta property=\"og:title\" content=\"Black is the new black-watch edition\" \/>\n<meta property=\"og:description\" content=\"Is black a colour? Good question. It\u2019s definitely a shade. When it comes to watches, this color is the new black.\" \/>\n<meta property=\"og:url\" content=\"https:\/\/www.my-watchsite.com\/blog\/black-is-the-new-black\/\" \/>\n<meta property=\"og:site_name\" content=\"MyWatch EN\" \/>\n<meta property=\"article:publisher\" content=\"https:\/\/www.facebook.com\/MyWatchSite\/\" \/>\n<meta property=\"article:published_time\" content=\"2022-10-24T16:44:00+00:00\" \/>\n<meta property=\"article:modified_time\" content=\"2022-12-16T14:22:46+00:00\" \/>\n<meta property=\"og:image\" content=\"https:\/\/www.my-watchsite.com\/blog\/wp-content\/uploads\/sites\/2\/2022\/12\/vignette-black-1.jpg\" \/>\n\t<meta property=\"og:image:width\" content=\"750\" \/>\n\t<meta property=\"og:image:height\" content=\"465\" \/>\n\t<meta property=\"og:image:type\" content=\"image\/jpeg\" \/>\n<meta name=\"author\" content=\"Frank Declerck\" \/>\n<meta name=\"twitter:card\" content=\"summary_large_image\" \/>\n<meta name=\"twitter:creator\" content=\"@mywatchsite\" \/>\n<meta name=\"twitter:site\" content=\"@mywatchsite\" \/>\n<meta name=\"twitter:label1\" content=\"Written by\" \/>\n\t<meta name=\"twitter:data1\" content=\"Frank Declerck\" \/>\n\t<meta name=\"twitter:label2\" content=\"Est. reading time\" \/>\n\t<meta name=\"twitter:data2\" content=\"8 minutes\" \/>\n<script type=\"application\/ld+json\" class=\"yoast-schema-graph\">{\"@context\":\"https:\/\/schema.org\",\"@graph\":[{\"@type\":\"WebPage\",\"@id\":\"https:\/\/www.my-watchsite.com\/blog\/black-is-the-new-black\/\",\"url\":\"https:\/\/www.my-watchsite.com\/blog\/black-is-the-new-black\/\",\"name\":\"Black is the new black-watch edition\",\"isPartOf\":{\"@id\":\"https:\/\/www.my-watchsite.com\/blog\/#website\"},\"datePublished\":\"2022-10-24T16:44:00+00:00\",\"dateModified\":\"2022-12-16T14:22:46+00:00\",\"author\":{\"@id\":\"https:\/\/www.my-watchsite.com\/blog\/#\/schema\/person\/c52c87f152ae0c432650d45a7483f4aa\"},\"description\":\"Is black a colour? Good question. It\u2019s definitely a shade. When it comes to watches, this color is the new black.\",\"breadcrumb\":{\"@id\":\"https:\/\/www.my-watchsite.com\/blog\/black-is-the-new-black\/#breadcrumb\"},\"inLanguage\":\"en-US\",\"potentialAction\":[{\"@type\":\"ReadAction\",\"target\":[\"https:\/\/www.my-watchsite.com\/blog\/black-is-the-new-black\/\"]}]},{\"@type\":\"BreadcrumbList\",\"@id\":\"https:\/\/www.my-watchsite.com\/blog\/black-is-the-new-black\/#breadcrumb\",\"itemListElement\":[{\"@type\":\"ListItem\",\"position\":1,\"name\":\"Accueil\",\"item\":\"https:\/\/www.my-watchsite.com\/blog\/\"},{\"@type\":\"ListItem\",\"position\":2,\"name\":\"Black is the new black\"}]},{\"@type\":\"WebSite\",\"@id\":\"https:\/\/www.my-watchsite.com\/blog\/#website\",\"url\":\"https:\/\/www.my-watchsite.com\/blog\/\",\"name\":\"MyWatch EN\",\"description\":\"Make Time a Lifestyle\",\"potentialAction\":[{\"@type\":\"SearchAction\",\"target\":{\"@type\":\"EntryPoint\",\"urlTemplate\":\"https:\/\/www.my-watchsite.com\/blog\/?s={search_term_string}\"},\"query-input\":\"required name=search_term_string\"}],\"inLanguage\":\"en-US\"},{\"@type\":\"Person\",\"@id\":\"https:\/\/www.my-watchsite.com\/blog\/#\/schema\/person\/c52c87f152ae0c432650d45a7483f4aa\",\"name\":\"Frank Declerck\",\"image\":{\"@type\":\"ImageObject\",\"inLanguage\":\"en-US\",\"@id\":\"https:\/\/www.my-watchsite.com\/blog\/#\/schema\/person\/image\/\",\"url\":\"https:\/\/secure.gravatar.com\/avatar\/0b8169973e5432c6a66c03650bf177e9?s=96&d=mm&r=g\",\"contentUrl\":\"https:\/\/secure.gravatar.com\/avatar\/0b8169973e5432c6a66c03650bf177e9?s=96&d=mm&r=g\",\"caption\":\"Frank Declerck\"}}]}<\/script>\n<!-- \/ Yoast SEO plugin. -->","yoast_head_json":{"title":"Black is the new black-watch edition","description":"Is black a colour? Good question. It\u2019s definitely a shade. When it comes to watches, this color is the new black.","robots":{"index":"index","follow":"follow","max-snippet":"max-snippet:-1","max-image-preview":"max-image-preview:large","max-video-preview":"max-video-preview:-1"},"canonical":"https:\/\/www.my-watchsite.com\/blog\/black-is-the-new-black\/","og_locale":"en_US","og_type":"article","og_title":"Black is the new black-watch edition","og_description":"Is black a colour? Good question. It\u2019s definitely a shade. When it comes to watches, this color is the new black.","og_url":"https:\/\/www.my-watchsite.com\/blog\/black-is-the-new-black\/","og_site_name":"MyWatch EN","article_publisher":"https:\/\/www.facebook.com\/MyWatchSite\/","article_published_time":"2022-10-24T16:44:00+00:00","article_modified_time":"2022-12-16T14:22:46+00:00","og_image":[{"width":750,"height":465,"url":"https:\/\/www.my-watchsite.com\/blog\/wp-content\/uploads\/sites\/2\/2022\/12\/vignette-black-1.jpg","type":"image\/jpeg"}],"author":"Frank Declerck","twitter_card":"summary_large_image","twitter_creator":"@mywatchsite","twitter_site":"@mywatchsite","twitter_misc":{"Written by":"Frank Declerck","Est. reading time":"8 minutes"},"schema":{"@context":"https:\/\/schema.org","@graph":[{"@type":"WebPage","@id":"https:\/\/www.my-watchsite.com\/blog\/black-is-the-new-black\/","url":"https:\/\/www.my-watchsite.com\/blog\/black-is-the-new-black\/","name":"Black is the new black-watch edition","isPartOf":{"@id":"https:\/\/www.my-watchsite.com\/blog\/#website"},"datePublished":"2022-10-24T16:44:00+00:00","dateModified":"2022-12-16T14:22:46+00:00","author":{"@id":"https:\/\/www.my-watchsite.com\/blog\/#\/schema\/person\/c52c87f152ae0c432650d45a7483f4aa"},"description":"Is black a colour? Good question. It\u2019s definitely a shade. When it comes to watches, this color is the new black.","breadcrumb":{"@id":"https:\/\/www.my-watchsite.com\/blog\/black-is-the-new-black\/#breadcrumb"},"inLanguage":"en-US","potentialAction":[{"@type":"ReadAction","target":["https:\/\/www.my-watchsite.com\/blog\/black-is-the-new-black\/"]}]},{"@type":"BreadcrumbList","@id":"https:\/\/www.my-watchsite.com\/blog\/black-is-the-new-black\/#breadcrumb","itemListElement":[{"@type":"ListItem","position":1,"name":"Accueil","item":"https:\/\/www.my-watchsite.com\/blog\/"},{"@type":"ListItem","position":2,"name":"Black is the new black"}]},{"@type":"WebSite","@id":"https:\/\/www.my-watchsite.com\/blog\/#website","url":"https:\/\/www.my-watchsite.com\/blog\/","name":"MyWatch EN","description":"Make Time a Lifestyle","potentialAction":[{"@type":"SearchAction","target":{"@type":"EntryPoint","urlTemplate":"https:\/\/www.my-watchsite.com\/blog\/?s={search_term_string}"},"query-input":"required name=search_term_string"}],"inLanguage":"en-US"},{"@type":"Person","@id":"https:\/\/www.my-watchsite.com\/blog\/#\/schema\/person\/c52c87f152ae0c432650d45a7483f4aa","name":"Frank Declerck","image":{"@type":"ImageObject","inLanguage":"en-US","@id":"https:\/\/www.my-watchsite.com\/blog\/#\/schema\/person\/image\/","url":"https:\/\/secure.gravatar.com\/avatar\/0b8169973e5432c6a66c03650bf177e9?s=96&d=mm&r=g","contentUrl":"https:\/\/secure.gravatar.com\/avatar\/0b8169973e5432c6a66c03650bf177e9?s=96&d=mm&r=g","caption":"Frank Declerck"}}]}},"_links":{"self":[{"href":"https:\/\/www.my-watchsite.com\/blog\/wp-json\/wp\/v2\/posts\/13929"}],"collection":[{"href":"https:\/\/www.my-watchsite.com\/blog\/wp-json\/wp\/v2\/posts"}],"about":[{"href":"https:\/\/www.my-watchsite.com\/blog\/wp-json\/wp\/v2\/types\/post"}],"author":[{"embeddable":true,"href":"https:\/\/www.my-watchsite.com\/blog\/wp-json\/wp\/v2\/users\/4"}],"replies":[{"embeddable":true,"href":"https:\/\/www.my-watchsite.com\/blog\/wp-json\/wp\/v2\/comments?post=13929"}],"version-history":[{"count":5,"href":"https:\/\/www.my-watchsite.com\/blog\/wp-json\/wp\/v2\/posts\/13929\/revisions"}],"predecessor-version":[{"id":13968,"href":"https:\/\/www.my-watchsite.com\/blog\/wp-json\/wp\/v2\/posts\/13929\/revisions\/13968"}],"wp:featuredmedia":[{"embeddable":true,"href":"https:\/\/www.my-watchsite.com\/blog\/wp-json\/wp\/v2\/media\/13967"}],"wp:attachment":[{"href":"https:\/\/www.my-watchsite.com\/blog\/wp-json\/wp\/v2\/media?parent=13929"}],"wp:term":[{"taxonomy":"category","embeddable":true,"href":"https:\/\/www.my-watchsite.com\/blog\/wp-json\/wp\/v2\/categories?post=13929"},{"taxonomy":"post_tag","embeddable":true,"href":"https:\/\/www.my-watchsite.com\/blog\/wp-json\/wp\/v2\/tags?post=13929"}],"curies":[{"name":"wp","href":"https:\/\/api.w.org\/{rel}","templated":true}]}}