{"id":16178,"date":"2023-08-31T11:41:00","date_gmt":"2023-08-31T09:41:00","guid":{"rendered":"https:\/\/www.my-watchsite.com\/blog\/?p=16178"},"modified":"2023-09-18T14:29:31","modified_gmt":"2023-09-18T12:29:31","slug":"summer-break-is-over-but-keep-your-hair-on","status":"publish","type":"post","link":"https:\/\/www.my-watchsite.com\/blog\/summer-break-is-over-but-keep-your-hair-on\/","title":{"rendered":"Summer break is over but keep your hair on!"},"content":{"rendered":"\n<figure class=\"wp-block-image size-full\"><img decoding=\"async\" loading=\"lazy\" src=\"https:\/\/www.my-watchsite.fr\/blog\/wp-content\/uploads\/2023\/08\/cheveux12.jpg\" alt=\"\" class=\"wp-image-29998\" \/><figcaption class=\"wp-element-caption\"><strong>Alexis Ferrer \u2014 Wella Professionals Global Creative Artist Wig 2021 print (La Favorite collection) \u2013 \u00a9 Rafa Andreu. Model: Emma Furhmann Blow models Agency.<\/strong><\/figcaption><\/figure>\n\n\n\n<p>Sun, salt, chlorine, wind\u2026 This combo leaves the hair damaged, incompatible with after summer beauty. <em>\u201cExposing yourself to the sun or bathing without using an anti-UV treatment is a good recipe for hair-splits, discolorations, dehydration and breakage\u201d<\/em> according to Patrick &amp; Marcel, hairdressers at the eponymous salon in the 7<sup>th<\/sup> arrondissement of Paris. They do hair for top models both on the podiums and on the covers, but also for average Parisians who share their passion for hair.<\/p>\n\n\n\n<figure class=\"wp-block-image size-full\"><img decoding=\"async\" loading=\"lazy\" src=\"https:\/\/www.my-watchsite.fr\/blog\/wp-content\/uploads\/2023\/08\/cheveux1.jpg\" alt=\"\" class=\"wp-image-29987\" \/><figcaption class=\"wp-element-caption\">Patrick &amp; Marcel.<\/figcaption><\/figure>\n\n\n\n<p>The two brothers have nimble fingers, are scissors experts and coloration prodigies. They know better than anybody how to bring hair drier than hay back to life. Do they use a magic spell? No, only the deep hydration treatment \u201cDiamond Gisement\u201d, made with amino acid.<\/p>\n\n\n\n<figure class=\"wp-block-gallery has-nested-images columns-default is-cropped wp-block-gallery-1 is-layout-flex wp-block-gallery-is-layout-flex\">\n<figure class=\"wp-block-image size-large\"><img decoding=\"async\" loading=\"lazy\" data-id=\"29989\" src=\"https:\/\/www.my-watchsite.fr\/blog\/wp-content\/uploads\/2023\/08\/cheveux2.jpg\" alt=\"\" class=\"wp-image-29989\" \/><\/figure>\n\n\n\n<figure class=\"wp-block-image size-large\"><img decoding=\"async\" loading=\"lazy\" data-id=\"29990\" src=\"https:\/\/www.my-watchsite.fr\/blog\/wp-content\/uploads\/2023\/08\/cheveux4.jpg\" alt=\"\" class=\"wp-image-29990\" \/><\/figure>\n<figcaption class=\"blocks-gallery-caption wp-element-caption\">\u00a9 Photos Patrick &amp; Marcel Paris.<\/figcaption><\/figure>\n\n\n\n<p><em>\u201cWe use the Acidic Bonding Concentrate line of Redken, a three-step process to nourish the hair with proteins, to rehydrate it, and to give it light and health again\u201d the hairdressers explain. This haircare line can be used at home to regenerate hair of all type, thanks to the power of citric acid.<\/em><\/p>\n\n\n\n<figure class=\"wp-block-image size-full is-resized\"><img decoding=\"async\" loading=\"lazy\" src=\"https:\/\/www.my-watchsite.fr\/blog\/wp-content\/uploads\/2023\/08\/cheveux5.jpg\" alt=\"\" class=\"wp-image-29991\" style=\"width:600px;height:373px\" width=\"600\" height=\"373\" \/><figcaption class=\"wp-element-caption\"><strong>The Arian\u2019Hair salon \u2013\u00a0\u00a9Claire Grandnom.<\/strong><\/figcaption><\/figure>\n\n\n\n<p>Arian\u2019Hair is Ariane and Marie-Jeanne\u2019s salon. This second duo favours the products of the brand Vitaker London to repair tired hair. \u201c<em>When the hair is damaged, brittle, thick or dull, I use a Botox anti-age\/booster treatment that is enriched with keratin, 18 amino acids, lipids, trace elements, proteins, collagen, and vitamins A, B and E. Good things only to pamper your hair and give it shine and health while preventing frizz and slightly straighten it\u201d <\/em>Ariane says. <em>\u201cTo build the strength of fine hair and minimize hair fall, I favour a cauterization treatment, still with keratin and 18 amino acids combined with essential oils and\/or biotin\u2026 The result will be effective for the next two months for both rituals\u201d s<\/em>he adds. For at-home hair care, the young woman recommends the ethical, ecologically responsible, and vegan products of the Australian brand Kevin Murphy, as well as the products of the American brand Olaplex. <em>\u201cThis is a patented repairing line which protects and repairs the hair fibre. It is an anti-breakage revolution for stronger and more beautiful hair\u201d.<\/em><\/p>\n\n\n\n<h2 class=\"wp-block-heading\"><strong><strong>How about a cup of tea?<\/strong><\/strong><\/h2>\n\n\n\n<figure class=\"wp-block-image size-full\"><img decoding=\"async\" loading=\"lazy\" src=\"https:\/\/www.my-watchsite.fr\/blog\/wp-content\/uploads\/2023\/08\/cheveux6.jpg\" alt=\"\" class=\"wp-image-29992\" \/><figcaption class=\"wp-element-caption\"><strong>Mon th\u00e9 hair d\u00e9tox bio by Madame La Pr\u00e9sidente.<\/strong><\/figcaption><\/figure>\n\n\n\n<p>Madame La Pr\u00e9sidente is a young rising brand that sells hair treatments and hair nutrients \u2013\u00a0for men and women\u00a0\u2013 founded by Meriem Malone. The brand just released the first detox tea for hair, \u201cR\u00e9solution N\u00b02\u201d. You can either drink it \u2013 in the morning and evening for at least 25 days \u2013 or you can rinse your hair with it, or let it macerate or use it as a mask in a specific area to restore the vitality of dull hair. This is an organic mix of green tea and plants with soothing, purifying, and moisturizing virtues \u2013\u00a0goji berry, curcuma, ginger, mint, peppermint, elderberry flower, apple, pomegranate, rose petals. They stimulate hair growth and give shine to the hair from the roots to the tips.<\/p>\n\n\n\n<h2 class=\"wp-block-heading\"><strong><strong>Great tools make great hair<\/strong><\/strong><\/h2>\n\n\n\n<figure class=\"wp-block-gallery has-nested-images columns-default is-cropped wp-block-gallery-3 is-layout-flex wp-block-gallery-is-layout-flex\">\n<figure class=\"wp-block-image size-large\"><img decoding=\"async\" loading=\"lazy\" data-id=\"29993\" src=\"https:\/\/www.my-watchsite.fr\/blog\/wp-content\/uploads\/2023\/08\/cheveux9.jpg\" alt=\"\" class=\"wp-image-29993\" \/><\/figure>\n\n\n\n<figure class=\"wp-block-image size-large\"><img decoding=\"async\" loading=\"lazy\" data-id=\"29994\" src=\"https:\/\/www.my-watchsite.fr\/blog\/wp-content\/uploads\/2023\/08\/cheveux10.jpg\" alt=\"\" class=\"wp-image-29994\" \/><\/figure>\n<figcaption class=\"blocks-gallery-caption wp-element-caption\"><strong>Revamp Professional hairdryers.<\/strong><\/figcaption><\/figure>\n\n\n\n<p>Just like the famous Dyson \u2013 which was a revolution for hair drying and hairstyling both at-home and at the hair salon \u2013 the London brand Revamp Professional\u00a0lets high-performance tools inside the house. The brand released a new line of products to straighten, curl, sculpt and dry the hair without damaging it, thanks to three innovations: the Progloss\u2122\u00a0treatment with keratin, argan oil and coconut oil for moisturization; active ion conditioning system with positive ions \u2013 for volume and shine \u2013 and negative ions \u2013 for perfect straightening without any frizz \u2013 and finally, temperature control to maintain a constant and non-aggressive heat. Two hairdryers with these properties were just released, both as light as they are powerful.<\/p>\n\n\n\n<h2 class=\"wp-block-heading\"><strong><strong>Learn all there is to know about hair<\/strong><\/strong><\/h2>\n\n\n\n<figure class=\"wp-block-image size-full\"><img decoding=\"async\" loading=\"lazy\" src=\"https:\/\/www.my-watchsite.fr\/blog\/wp-content\/uploads\/2023\/08\/cheveux11.jpg\" alt=\"\" class=\"wp-image-29997\" \/><figcaption class=\"wp-element-caption\"><strong>Maison Margiela \u2014Spring 2009 2008 Ready-to-Wear \u2013 \u00a9 Giovanni Giannoni.<\/strong><\/figcaption><\/figure>\n\n\n\n<p>As we are reminded this year by the Mus\u00e9e des Arts d\u00e9coratifs, we have always been fascinated by hair(s), and the museum wants us to know about the roots of this fascination, starting from the 15<sup>th<\/sup> century until today in the west. The exhibition \u201c<a href=\"https:\/\/madparis.fr\/en\" target=\"_blank\" rel=\"noreferrer noopener\">Des cheveux et des poils<\/a>\u201d turns back in time through 600 works staged by Denis Bruna, Curator in Chief of the Fashion and Textile Department of the MAD. Painted, sculpted, photographed portraits, quirky objects for shaving or perming, jewellery, hairpieces, and wigs\u2026 From antiquity until the reign of Louis XIV, or from Andy Warhol\u2019s white hairpiece hiding his baldness to libertines\u2019 pubic hairs wigs, all these pieces are brought face to face with historical hairstyle reconstitutions. Finally, contemporary creations and emblematic pieces of star hairstylists or designers such as Martin Margiela and Alexander McQueen \u2013\u00a0who worked with hair like it was a high-fashion material\u00a0\u2013 are a reminder of the importance of hair in the construction of appearances.<\/p>\n\n\n\n<figure class=\"wp-block-image size-full\"><img decoding=\"async\" loading=\"lazy\" src=\"https:\/\/www.my-watchsite.fr\/blog\/wp-content\/uploads\/2023\/08\/cheveux13.jpg\" alt=\"\" class=\"wp-image-30001\" \/><figcaption class=\"wp-element-caption\"><strong>Hair Chakra \u2014 Styling: Nicolas Jurnjack 2017 \u2013 \u00a9 Photograph: Nick Norman.<\/strong><\/figcaption><\/figure>\n\n\n\n<p><strong>Patrick &amp; Marcel hair salon, 6 rue Dupont des Loges, Paris 7th. Phone: 01 71 70 66 61<br><a href=\"https:\/\/madamelapresidente.fr\" target=\"_blank\" rel=\"noreferrer noopener\">Salon Arian\u2019Hair<\/a>, 1 place Anatole France, Le Pr\u00e9-Saint-Gervais.<br><a href=\"https:\/\/madamelapresidente.fr\/en\/detox-tea\/\" target=\"_blank\" rel=\"noreferrer noopener\">Mon Th\u00e9 hair D\u00e9tox bio Madame La Pr\u00e9sidente,<\/a> \u20ac24,99 \u20ac \/100 gr. <br><a href=\"https:\/\/revamphair.com\/\" target=\"_blank\" rel=\"noreferrer noopener\">Revamp Professional<\/a><br>Exhibition \u00ab\u00a0Des Cheveux et des Poils\u00a0\u00bb, <a href=\"https:\/\/madparis.fr\/en\" target=\"_blank\" rel=\"noreferrer noopener\">Mus\u00e9e des Arts D\u00e9coratifs,<\/a> 107, rue de Rivoli, Paris 1st. Until 17 septembre. <br><\/strong><\/p>\n\n\n\n<p><strong>Read also:<\/strong><\/p>\n\n\n\n<figure class=\"wp-block-embed is-type-wp-embed is-provider-mywatch-en wp-block-embed-mywatch-en\"><div class=\"wp-block-embed__wrapper\">\n<blockquote class=\"wp-embedded-content\" data-secret=\"d3QrSM6rYb\"><a href=\"https:\/\/www.my-watchsite.com\/blog\/summer-elixirs\/\">Summer elixirs<\/a><\/blockquote><iframe class=\"wp-embedded-content\" sandbox=\"allow-scripts\" security=\"restricted\" style=\"position: absolute; clip: rect(1px, 1px, 1px, 1px);\" title=\"\u00ab\u00a0Summer elixirs\u00a0\u00bb &#8212; MyWatch EN\" src=\"https:\/\/www.my-watchsite.com\/blog\/summer-elixirs\/embed\/#?secret=6tkqXq0aBA#?secret=d3QrSM6rYb\" data-secret=\"d3QrSM6rYb\" width=\"500\" height=\"282\" frameborder=\"0\" marginwidth=\"0\" marginheight=\"0\" scrolling=\"no\"><\/iframe>\n<\/div><\/figure>\n","protected":false},"excerpt":{"rendered":"<p>With the end of the summer break, taming wild summer manes becomes truly necessary. Pro tips, star products, deep nutrition, powerful tools\u2026 At the salon or at home, you can pick your good habits back up easily, without getting grey hair from it.<\/p>\n","protected":false},"author":27,"featured_media":16182,"comment_status":"closed","ping_status":"closed","sticky":false,"template":"","format":"standard","meta":{"footnotes":""},"categories":[72],"tags":[521,520,522,523,525,524],"acf":[],"yoast_head":"<!-- This site is optimized with the Yoast SEO plugin v20.4 - https:\/\/yoast.com\/wordpress\/plugins\/seo\/ -->\n<title>Summer break is over but keep your hair on! - MyWatch EN<\/title>\n<meta name=\"description\" content=\"At the salon or at home, you can pick your good habits back up easily, without getting grey hair from it.\" \/>\n<meta name=\"robots\" content=\"index, follow, max-snippet:-1, max-image-preview:large, max-video-preview:-1\" \/>\n<link rel=\"canonical\" href=\"https:\/\/www.my-watchsite.com\/blog\/summer-break-is-over-but-keep-your-hair-on\/\" \/>\n<meta property=\"og:locale\" content=\"en_US\" \/>\n<meta property=\"og:type\" content=\"article\" \/>\n<meta property=\"og:title\" content=\"Summer break is over but keep your hair on! - MyWatch EN\" \/>\n<meta property=\"og:description\" content=\"At the salon or at home, you can pick your good habits back up easily, without getting grey hair from it.\" \/>\n<meta property=\"og:url\" content=\"https:\/\/www.my-watchsite.com\/blog\/summer-break-is-over-but-keep-your-hair-on\/\" \/>\n<meta property=\"og:site_name\" content=\"MyWatch EN\" \/>\n<meta property=\"article:publisher\" content=\"https:\/\/www.facebook.com\/MyWatchSite\/\" \/>\n<meta property=\"article:published_time\" content=\"2023-08-31T09:41:00+00:00\" \/>\n<meta property=\"article:modified_time\" content=\"2023-09-18T12:29:31+00:00\" \/>\n<meta property=\"og:image\" content=\"https:\/\/www.my-watchsite.com\/blog\/wp-content\/uploads\/sites\/2\/2023\/08\/cheveux14.jpeg\" \/>\n\t<meta property=\"og:image:width\" content=\"750\" \/>\n\t<meta property=\"og:image:height\" content=\"465\" \/>\n\t<meta property=\"og:image:type\" content=\"image\/jpeg\" \/>\n<meta name=\"author\" content=\"Florence Halimi\" \/>\n<meta name=\"twitter:card\" content=\"summary_large_image\" \/>\n<meta name=\"twitter:creator\" content=\"@mywatchsite\" \/>\n<meta name=\"twitter:site\" content=\"@mywatchsite\" \/>\n<meta name=\"twitter:label1\" content=\"Written by\" \/>\n\t<meta name=\"twitter:data1\" content=\"Florence Halimi\" \/>\n\t<meta name=\"twitter:label2\" content=\"Est. reading time\" \/>\n\t<meta name=\"twitter:data2\" content=\"6 minutes\" \/>\n<script type=\"application\/ld+json\" class=\"yoast-schema-graph\">{\"@context\":\"https:\/\/schema.org\",\"@graph\":[{\"@type\":\"WebPage\",\"@id\":\"https:\/\/www.my-watchsite.com\/blog\/summer-break-is-over-but-keep-your-hair-on\/\",\"url\":\"https:\/\/www.my-watchsite.com\/blog\/summer-break-is-over-but-keep-your-hair-on\/\",\"name\":\"Summer break is over but keep your hair on! - MyWatch EN\",\"isPartOf\":{\"@id\":\"https:\/\/www.my-watchsite.com\/blog\/#website\"},\"datePublished\":\"2023-08-31T09:41:00+00:00\",\"dateModified\":\"2023-09-18T12:29:31+00:00\",\"author\":{\"@id\":\"https:\/\/www.my-watchsite.com\/blog\/#\/schema\/person\/da2e71d6c80d7b64d847e1e63c5bc0c4\"},\"description\":\"At the salon or at home, you can pick your good habits back up easily, without getting grey hair from it.\",\"breadcrumb\":{\"@id\":\"https:\/\/www.my-watchsite.com\/blog\/summer-break-is-over-but-keep-your-hair-on\/#breadcrumb\"},\"inLanguage\":\"en-US\",\"potentialAction\":[{\"@type\":\"ReadAction\",\"target\":[\"https:\/\/www.my-watchsite.com\/blog\/summer-break-is-over-but-keep-your-hair-on\/\"]}]},{\"@type\":\"BreadcrumbList\",\"@id\":\"https:\/\/www.my-watchsite.com\/blog\/summer-break-is-over-but-keep-your-hair-on\/#breadcrumb\",\"itemListElement\":[{\"@type\":\"ListItem\",\"position\":1,\"name\":\"Accueil\",\"item\":\"https:\/\/www.my-watchsite.com\/blog\/\"},{\"@type\":\"ListItem\",\"position\":2,\"name\":\"Summer break is over but keep your hair on!\"}]},{\"@type\":\"WebSite\",\"@id\":\"https:\/\/www.my-watchsite.com\/blog\/#website\",\"url\":\"https:\/\/www.my-watchsite.com\/blog\/\",\"name\":\"MyWatch EN\",\"description\":\"Make Time a Lifestyle\",\"potentialAction\":[{\"@type\":\"SearchAction\",\"target\":{\"@type\":\"EntryPoint\",\"urlTemplate\":\"https:\/\/www.my-watchsite.com\/blog\/?s={search_term_string}\"},\"query-input\":\"required name=search_term_string\"}],\"inLanguage\":\"en-US\"},{\"@type\":\"Person\",\"@id\":\"https:\/\/www.my-watchsite.com\/blog\/#\/schema\/person\/da2e71d6c80d7b64d847e1e63c5bc0c4\",\"name\":\"Florence Halimi\",\"image\":{\"@type\":\"ImageObject\",\"inLanguage\":\"en-US\",\"@id\":\"https:\/\/www.my-watchsite.com\/blog\/#\/schema\/person\/image\/\",\"url\":\"https:\/\/secure.gravatar.com\/avatar\/f98e2c3a06883e69759ce0f60446ef46?s=96&d=mm&r=g\",\"contentUrl\":\"https:\/\/secure.gravatar.com\/avatar\/f98e2c3a06883e69759ce0f60446ef46?s=96&d=mm&r=g\",\"caption\":\"Florence Halimi\"}}]}<\/script>\n<!-- \/ Yoast SEO plugin. -->","yoast_head_json":{"title":"Summer break is over but keep your hair on! - MyWatch EN","description":"At the salon or at home, you can pick your good habits back up easily, without getting grey hair from it.","robots":{"index":"index","follow":"follow","max-snippet":"max-snippet:-1","max-image-preview":"max-image-preview:large","max-video-preview":"max-video-preview:-1"},"canonical":"https:\/\/www.my-watchsite.com\/blog\/summer-break-is-over-but-keep-your-hair-on\/","og_locale":"en_US","og_type":"article","og_title":"Summer break is over but keep your hair on! - MyWatch EN","og_description":"At the salon or at home, you can pick your good habits back up easily, without getting grey hair from it.","og_url":"https:\/\/www.my-watchsite.com\/blog\/summer-break-is-over-but-keep-your-hair-on\/","og_site_name":"MyWatch EN","article_publisher":"https:\/\/www.facebook.com\/MyWatchSite\/","article_published_time":"2023-08-31T09:41:00+00:00","article_modified_time":"2023-09-18T12:29:31+00:00","og_image":[{"width":750,"height":465,"url":"https:\/\/www.my-watchsite.com\/blog\/wp-content\/uploads\/sites\/2\/2023\/08\/cheveux14.jpeg","type":"image\/jpeg"}],"author":"Florence Halimi","twitter_card":"summary_large_image","twitter_creator":"@mywatchsite","twitter_site":"@mywatchsite","twitter_misc":{"Written by":"Florence Halimi","Est. reading time":"6 minutes"},"schema":{"@context":"https:\/\/schema.org","@graph":[{"@type":"WebPage","@id":"https:\/\/www.my-watchsite.com\/blog\/summer-break-is-over-but-keep-your-hair-on\/","url":"https:\/\/www.my-watchsite.com\/blog\/summer-break-is-over-but-keep-your-hair-on\/","name":"Summer break is over but keep your hair on! - MyWatch EN","isPartOf":{"@id":"https:\/\/www.my-watchsite.com\/blog\/#website"},"datePublished":"2023-08-31T09:41:00+00:00","dateModified":"2023-09-18T12:29:31+00:00","author":{"@id":"https:\/\/www.my-watchsite.com\/blog\/#\/schema\/person\/da2e71d6c80d7b64d847e1e63c5bc0c4"},"description":"At the salon or at home, you can pick your good habits back up easily, without getting grey hair from it.","breadcrumb":{"@id":"https:\/\/www.my-watchsite.com\/blog\/summer-break-is-over-but-keep-your-hair-on\/#breadcrumb"},"inLanguage":"en-US","potentialAction":[{"@type":"ReadAction","target":["https:\/\/www.my-watchsite.com\/blog\/summer-break-is-over-but-keep-your-hair-on\/"]}]},{"@type":"BreadcrumbList","@id":"https:\/\/www.my-watchsite.com\/blog\/summer-break-is-over-but-keep-your-hair-on\/#breadcrumb","itemListElement":[{"@type":"ListItem","position":1,"name":"Accueil","item":"https:\/\/www.my-watchsite.com\/blog\/"},{"@type":"ListItem","position":2,"name":"Summer break is over but keep your hair on!"}]},{"@type":"WebSite","@id":"https:\/\/www.my-watchsite.com\/blog\/#website","url":"https:\/\/www.my-watchsite.com\/blog\/","name":"MyWatch EN","description":"Make Time a Lifestyle","potentialAction":[{"@type":"SearchAction","target":{"@type":"EntryPoint","urlTemplate":"https:\/\/www.my-watchsite.com\/blog\/?s={search_term_string}"},"query-input":"required name=search_term_string"}],"inLanguage":"en-US"},{"@type":"Person","@id":"https:\/\/www.my-watchsite.com\/blog\/#\/schema\/person\/da2e71d6c80d7b64d847e1e63c5bc0c4","name":"Florence Halimi","image":{"@type":"ImageObject","inLanguage":"en-US","@id":"https:\/\/www.my-watchsite.com\/blog\/#\/schema\/person\/image\/","url":"https:\/\/secure.gravatar.com\/avatar\/f98e2c3a06883e69759ce0f60446ef46?s=96&d=mm&r=g","contentUrl":"https:\/\/secure.gravatar.com\/avatar\/f98e2c3a06883e69759ce0f60446ef46?s=96&d=mm&r=g","caption":"Florence Halimi"}}]}},"_links":{"self":[{"href":"https:\/\/www.my-watchsite.com\/blog\/wp-json\/wp\/v2\/posts\/16178"}],"collection":[{"href":"https:\/\/www.my-watchsite.com\/blog\/wp-json\/wp\/v2\/posts"}],"about":[{"href":"https:\/\/www.my-watchsite.com\/blog\/wp-json\/wp\/v2\/types\/post"}],"author":[{"embeddable":true,"href":"https:\/\/www.my-watchsite.com\/blog\/wp-json\/wp\/v2\/users\/27"}],"replies":[{"embeddable":true,"href":"https:\/\/www.my-watchsite.com\/blog\/wp-json\/wp\/v2\/comments?post=16178"}],"version-history":[{"count":8,"href":"https:\/\/www.my-watchsite.com\/blog\/wp-json\/wp\/v2\/posts\/16178\/revisions"}],"predecessor-version":[{"id":16188,"href":"https:\/\/www.my-watchsite.com\/blog\/wp-json\/wp\/v2\/posts\/16178\/revisions\/16188"}],"wp:featuredmedia":[{"embeddable":true,"href":"https:\/\/www.my-watchsite.com\/blog\/wp-json\/wp\/v2\/media\/16182"}],"wp:attachment":[{"href":"https:\/\/www.my-watchsite.com\/blog\/wp-json\/wp\/v2\/media?parent=16178"}],"wp:term":[{"taxonomy":"category","embeddable":true,"href":"https:\/\/www.my-watchsite.com\/blog\/wp-json\/wp\/v2\/categories?post=16178"},{"taxonomy":"post_tag","embeddable":true,"href":"https:\/\/www.my-watchsite.com\/blog\/wp-json\/wp\/v2\/tags?post=16178"}],"curies":[{"name":"wp","href":"https:\/\/api.w.org\/{rel}","templated":true}]}}