{"id":16286,"date":"2023-10-02T17:00:00","date_gmt":"2023-10-02T15:00:00","guid":{"rendered":"https:\/\/www.my-watchsite.com\/blog\/?p=16286"},"modified":"2023-10-10T11:51:58","modified_gmt":"2023-10-10T09:51:58","slug":"6-watches-for-the-autumn","status":"publish","type":"post","link":"https:\/\/www.my-watchsite.com\/blog\/6-watches-for-the-autumn\/","title":{"rendered":"6 watches for the Autumn"},"content":{"rendered":"\n<figure class=\"wp-block-embed is-type-video is-provider-youtube wp-block-embed-youtube wp-embed-aspect-16-9 wp-has-aspect-ratio\"><div class=\"wp-block-embed__wrapper\">\n<iframe loading=\"lazy\" title=\"6 montres de la rentr\u00e9e avec Les Experts \u00e0 Paris (et pas \u00e0 Miami !)\" width=\"500\" height=\"281\" src=\"https:\/\/www.youtube.com\/embed\/vSOCgMvi76w?feature=oembed\" frameborder=\"0\" allow=\"accelerometer; autoplay; clipboard-write; encrypted-media; gyroscope; picture-in-picture; web-share\" allowfullscreen><\/iframe>\n<\/div><\/figure>\n\n\n\n<h2 class=\"wp-block-heading\"><strong>CHANEL, Premi\u00e8re \u00c9dition Originale<\/strong><\/h2>\n\n\n\n<p>No surprises here, the first watch of this list is a Premi\u00e8re. In fact, this is not just any Premi\u00e8re, but the new \u00c9dition Originale released by Channel for Autumn.<\/p>\n\n\n\n<figure class=\"wp-block-image size-full\"><img decoding=\"async\" loading=\"lazy\" src=\"https:\/\/www.my-watchsite.fr\/blog\/wp-content\/uploads\/2023\/08\/chanel3-1.jpg\" alt=\"La Montre Premi\u00e8re \u00c9dition Originale de Chanel\" class=\"wp-image-30023\" \/><figcaption class=\"wp-element-caption\"><strong>For Autumn, the Chanel Watch Creation Studio releases a reedition of its very first watch with the Premi\u00e8re \u00c9dition Originale.<\/strong><\/figcaption><\/figure>\n\n\n\n<p>In our article \u201c<a href=\"https:\/\/www.my-watchsite.com\/blog\/a-new-chanel-ambassador-premieres-with-a-premiere\/\" target=\"_blank\" rel=\"noreferrer noopener\">A new Chanel ambassador premieres with a Premi\u00e8re<\/a>\u201d, we presented this new piece which takes another look at the identity of the maison. You can recognize the octagonal case inspired by the shape of the N\u00b05 perfume cap and by the shape of the place Vend\u00f4me \u2013 which Gabrielle Chanel used to admire from her suite at the Ritz . But also the gold-plated chain bracelet intertwined with the black leather ribbon of the famous quilted handbag of the maison. Moreover, this yellow gold-plated steel case contains an intense black lacquered dial, marked with thin golden hands. With them, time seems all in all useless.<\/p>\n\n\n\n<figure class=\"wp-block-gallery has-nested-images columns-default is-cropped wp-block-gallery-1 is-layout-flex wp-block-gallery-is-layout-flex\">\n<figure class=\"wp-block-image size-large\"><img decoding=\"async\" loading=\"lazy\" data-id=\"30090\" src=\"https:\/\/www.my-watchsite.fr\/blog\/wp-content\/uploads\/2023\/08\/premiere.jpg\" alt=\"La Montre Premi\u00e8re \u00c9dition Originale de Chanel\" class=\"wp-image-30090\" \/><\/figure>\n\n\n\n<figure class=\"wp-block-image size-large\"><img decoding=\"async\" loading=\"lazy\" data-id=\"30022\" src=\"https:\/\/www.my-watchsite.fr\/blog\/wp-content\/uploads\/2023\/08\/chanel4.jpg\" alt=\"La Montre Premi\u00e8re \u00c9dition Originale de Chanel\" class=\"wp-image-30022\" \/><\/figure>\n<figcaption class=\"blocks-gallery-caption wp-element-caption\"><strong>Now acting as a bracelet, the emblematic chain intertwined with the black leather ribbon of the famous Chanel quilted handbag completes the octagonal case reminiscing of the shape of the place Vend\u00f4me.<\/strong><\/figcaption><\/figure>\n\n\n\n<p>Last detail but not the least, actress, model, and Chanel ambassador Lily-Rose Depp, became the face of the Premi\u00e8re \u00c9dition Originale campaign. She stars in a film directed by Inez and Vinoodh in Coco Chanel\u2019s Parisian apartment at the 31 rue Cambon.<\/p>\n\n\n\n<figure class=\"wp-block-embed is-type-video is-provider-youtube wp-block-embed-youtube wp-embed-aspect-16-9 wp-has-aspect-ratio\"><div class=\"wp-block-embed__wrapper\">\n<iframe loading=\"lazy\" title=\"CHANEL - Lily-Rose Depp nouvelle ambassadrice Premi\u00e8re\" width=\"500\" height=\"281\" src=\"https:\/\/www.youtube.com\/embed\/U2QyhSimTs0?feature=oembed\" frameborder=\"0\" allow=\"accelerometer; autoplay; clipboard-write; encrypted-media; gyroscope; picture-in-picture; web-share\" allowfullscreen><\/iframe>\n<\/div><\/figure>\n\n\n\n<p><strong>\u20ac6 100 <\/strong><\/p>\n\n\n\n<p><a href=\"https:\/\/www.my-watchsite.com\/women\/premiere\/8517-premiere-edition-originale-watch.html\" target=\"_blank\" rel=\"noreferrer noopener\">Click here to read the Premi\u00e8re \u00c9dition Originale full technical sheet.<\/a><\/p>\n\n\n\n<p><a href=\"https:\/\/www.chanel.com\/fr\/horlogerie\/premiere-edition-originale\/?param=value&amp;gclid=CjwKCAjw6p-oBhAYEiwAgg2PgugAItpHq6uG_wKbZophP4ghBTLKaX5QDt7yBps0LNlQoXXsIzZcihoC0eQQAvD_BwE\" target=\"_blank\" rel=\"noreferrer noopener\">CHANEL WEBSITE<\/a><\/p>\n\n\n\n<h2 class=\"wp-block-heading\"><strong>OMEGA, Seamaster 300<\/strong><\/h2>\n\n\n\n<figure class=\"wp-block-image size-full\"><img decoding=\"async\" loading=\"lazy\" src=\"https:\/\/www.my-watchsite.fr\/blog\/wp-content\/uploads\/2023\/07\/omega8.jpg\" alt=\"La Seamaster 300 d'Omega\" class=\"wp-image-28503\" \/><figcaption class=\"wp-element-caption\"><strong>The Seamaster 300, a professional of the oceans.<\/strong><\/figcaption><\/figure>\n\n\n\n<p>This collection has caught our blue eyes this summer: the <a href=\"https:\/\/www.my-watchsite.com\/blog\/eight-shades-of-blue-for-summer\/\" target=\"_blank\" rel=\"noreferrer noopener\">Summer Blue by Omega<\/a>. It pays tribute to the iconic diving watch of the manufacture: the Seamaster. This watch celebrates its 75<sup>th<\/sup> anniversary through eight models recounting the history and the expertise of the maison when it comes to diving instruments. You can indeed make out different references by the colours of the dials \u2013 among other things \u2013 which refer to their degree of water-resistance. <\/p>\n\n\n\n<figure class=\"wp-block-embed is-type-video is-provider-youtube wp-block-embed-youtube wp-embed-aspect-16-9 wp-has-aspect-ratio\"><div class=\"wp-block-embed__wrapper\">\n<iframe loading=\"lazy\" title=\"Nouvelles Seamaster d&#039;Omega : Summer Blue, la couleur de l&#039;\u00e9t\u00e9 !\" width=\"500\" height=\"281\" src=\"https:\/\/www.youtube.com\/embed\/KBkjtnhyx5k?start=3&#038;feature=oembed\" frameborder=\"0\" allow=\"accelerometer; autoplay; clipboard-write; encrypted-media; gyroscope; picture-in-picture; web-share\" allowfullscreen><\/iframe>\n<\/div><\/figure>\n\n\n\n<p>The Seamaster 300 is a perfect example. As its name implies, it is 300-meter water-resistant, and it has a smoky blue dial. Inspired by a 1957 model, this 41 mm steel watch has all the useful features for diving: unidirectional rotating bezel, screwed-down crown, luminescent hands and indices. Master Chronometer certified, the automatic winding calibre with Co-axial escapement has a silicon balance spring which is resistant to magnetic fields. It also has two barrels mounted in series. All in all, this is a powerful and precise instrument.<\/p>\n\n\n\n<figure class=\"wp-block-image size-full\"><img decoding=\"async\" loading=\"lazy\" src=\"https:\/\/www.my-watchsite.fr\/blog\/wp-content\/uploads\/2023\/07\/omega9.jpg\" alt=\"La Seamaster 300 d'Omega\" class=\"wp-image-28504\" \/><figcaption class=\"wp-element-caption\"><strong>Equipped with a 41 mm case, the Seamaster 300 has a blue dial reflecting its 300 m water-resistance degree.<\/strong><\/figcaption><\/figure>\n\n\n\n<p><strong>\u20ac8&nbsp;200<\/strong><\/p>\n\n\n\n<p><a href=\"https:\/\/www.my-watchsite.com\/seamaster\/8474-seamaster-300.html\" target=\"_blank\" rel=\"noreferrer noopener\">Click here to read the Seamaster 300 full technical sheet.<\/a><\/p>\n\n\n\n<p><a href=\"https:\/\/www.omegawatches.com\/watch-omega-seamaster-300-co-axial-master-chronometer-41-mm-23430412103002\" target=\"_blank\" rel=\"noreferrer noopener\">OMEGA WATCHES WEBSITE<\/a><\/p>\n\n\n\n<h2 class=\"wp-block-heading\"><strong>TUDOR, Pelagos FXD &#8220;Alinghi Red Bull Racing Edition&#8221;<\/strong><\/h2>\n\n\n\n<figure class=\"wp-block-embed is-type-video is-provider-youtube wp-block-embed-youtube wp-embed-aspect-16-9 wp-has-aspect-ratio\"><div class=\"wp-block-embed__wrapper\">\n<iframe loading=\"lazy\" title=\"TUDOR Pelagos FXD &amp; FXD Chrono &quot;Alinghi Red Bull Racing Edition\u201d\" width=\"500\" height=\"281\" src=\"https:\/\/www.youtube.com\/embed\/wqhOWmqUrnQ?feature=oembed\" frameborder=\"0\" allow=\"accelerometer; autoplay; clipboard-write; encrypted-media; gyroscope; picture-in-picture; web-share\" allowfullscreen><\/iframe>\n<\/div><\/figure>\n\n\n\n<p>As a celebration of its partnership with the Alinghi Red Bull Racing sailing race, Tudor expands its Pelagos FXD collection with a watch in the colours of the race. Made of matte black carbon composite, the 42 mm case has a titanium unidirectional rotating bezel with a carbon composite layout. Besides, its 60 minutes graduations are coated in luminescent material for a perfect visibility in any circumstance.<\/p>\n\n\n\n<figure class=\"wp-block-image size-full is-resized\"><img decoding=\"async\" loading=\"lazy\" src=\"https:\/\/www.my-watchsite.fr\/blog\/wp-content\/uploads\/2023\/09\/tudor.jpg\" alt=\"\" class=\"wp-image-30635\" style=\"width:600px;height:967px\" width=\"600\" height=\"967\" \/><figcaption class=\"wp-element-caption\"><strong>TUDOR Pelagos FXD &#8220;Alinghi Red Bull Racing Edition&#8221;<\/strong>.<\/figcaption><\/figure>\n\n\n\n<p>It is the same thing for the blue dial where the characteristic \u201cSnowflake\u201d hands \u2013&nbsp;introduced in 1969 \u2013 contrast with the background. The ensemble is completed by a matching blue fabric technical strap, which gives a resolutely sporty look to this edition. It also features a buckle with a self-gripping fastening system, which makes for a better grip during energetic races. Offering a 70-hour power reserve, the manufacture calibre is COSC certified (official chronometer Swiss control. It also has a silicon balance spring resistant to magnetic fields. The whole collection also has a 43 mm wide chronometer.<\/p>\n\n\n\n<figure class=\"wp-block-image size-full\"><img decoding=\"async\" loading=\"lazy\" src=\"https:\/\/www.my-watchsite.fr\/blog\/wp-content\/uploads\/2023\/09\/tudor1.jpg\" alt=\"\" class=\"wp-image-30636\" \/><figcaption class=\"wp-element-caption\"><strong>As a celebration for its partnership with Alinghi Red Bull Racing, Tudor expands its Pelagos FXD collection with a chronograph and a watch in the colours of the race.<\/strong><\/figcaption><\/figure>\n\n\n\n<p><strong>\u20ac3&nbsp;700<\/strong><\/p>\n\n\n\n<p><a href=\"https:\/\/www.my-watchsite.com\/tudor-pelagos\/8482-pelagos-fxd-alinghi-red-bull-racing-edition.html\" target=\"_blank\" rel=\"noreferrer noopener\">Click here to read the Tudor Pelagos FXD &#8220;Alinghi Red Bull Racing Edition&#8221; full technical sheet.<\/a><\/p>\n\n\n\n<p><a href=\"https:\/\/www.tudorwatch.com\/en\" target=\"_blank\" rel=\"noreferrer noopener\">TUDOR WEBSITE<\/a><\/p>\n\n\n\n<h2 class=\"wp-block-heading\"><strong>TAG HEUER Carrera <strong>Limited Edition<\/strong><\/strong><\/h2>\n\n\n\n<figure class=\"wp-block-image size-full\"><img decoding=\"async\" loading=\"lazy\" src=\"https:\/\/www.my-watchsite.fr\/blog\/wp-content\/uploads\/2023\/09\/tag.jpg\" alt=\"\" class=\"wp-image-30538\" \/><figcaption class=\"wp-element-caption\"><strong>The TAG HEUER Carrera Limited Edition is adorned with the colours of the French flag.<\/strong><\/figcaption><\/figure>\n\n\n\n<p>A tribute to French car racing, this 42 mm steel Carrera shows its colours. Blue, white, and red, the three colours are displayed on a slightly grained dial, on the chronograph\u2019s counters, on the date\u2019s aperture \u2013 at 6 o\u2019clock \u2013, on the hands and on the indices as well. To assert French elegance, this watch has a navy-blue perforated calfskin strap, which emphasizes its sportive and vintage look. The instrument has plenty of power under the hood, as it is powered by the famous automatic calibre Heuer 02 with an 80-hour power reserve and a blue gracefully openwork oscillating mass \u2013 reminiscent of the shape of a steering wheel. This beautiful watch is truly made for racing.<\/p>\n\n\n\n<figure class=\"wp-block-image size-full\"><img decoding=\"async\" loading=\"lazy\" src=\"https:\/\/www.my-watchsite.fr\/blog\/wp-content\/uploads\/2023\/09\/tag1.jpg\" alt=\"\" class=\"wp-image-30539\" \/><figcaption class=\"wp-element-caption\"><strong>Visible on the back, the Heuer 02 automatic calibre distinguishes itself with its blue openwork oscillating mass.<\/strong><\/figcaption><\/figure>\n\n\n\n<p><strong>Edition limited to 200 copies \u2013 \u20ac6&nbsp;350<\/strong><\/p>\n\n\n\n<p><a href=\"https:\/\/www.tagheuer.com\/fr\/en\/timepieces\/collections\/tag-heuer-carrera\/42-mm-calibre-heuer-02-automatic\/CBN201B.FC6541.html\" target=\"_blank\" rel=\"noreferrer noopener\">Click here to read the TAG Heuer Carrera Limited Edition full technical sheet.<\/a><\/p>\n\n\n\n<h2 class=\"wp-block-heading\"><strong>BREITLING, Navitimer 36<\/strong><\/h2>\n\n\n\n<figure class=\"wp-block-image size-full\"><img decoding=\"async\" loading=\"lazy\" src=\"https:\/\/www.my-watchsite.fr\/blog\/wp-content\/uploads\/2023\/09\/breitling1.jpg\" alt=\"\" class=\"wp-image-30306\" \/><figcaption class=\"wp-element-caption\"><strong>The Navitimer 32 and 36 collections by Navitimer.<\/strong><\/figcaption><\/figure>\n\n\n\n<p>The Navitimer was discovered during the first show dedicated to the Geneva Watch Days 2023 \u2013 namely THE watchmaking event that took place between August 29 and September 2 \u2013 the Navitimer 36 collection is now available for the daintiest wrists. This is the case for this reference, which mixes steel and red gold \u2013 that meets the Swiss Better Gold Association\u2019s criteria \u2013 and is powered by a COSC-certified automatic calibre with a 38-hour power reserve. This 30-meter water-resistant timepiece is endowed with a beaded bezel and stands out thanks to its white mother-of-pearl dial, featuring the iconic circular slide rule of the watchmaking line.<\/p>\n\n\n\n<figure class=\"wp-block-image size-full\"><img decoding=\"async\" loading=\"lazy\" src=\"https:\/\/www.my-watchsite.fr\/blog\/wp-content\/uploads\/2023\/09\/breitling-1.jpg\" alt=\"\" class=\"wp-image-30633\" \/><figcaption class=\"wp-element-caption\"><strong>Beaded bezel, slide rule, diamond indices, mother-of-pearl dial, steel and red gold, here is one of many variations of the Navitimer 36.<\/strong><\/figcaption><\/figure>\n\n\n\n<p>The precious dial is also marked with better diamonds \u2013 lab-grown and traceable. Going further for a harmonious look, this variation has a two-tone steel and red gold seven-row bracelet. This beauty is represented by an ambassador of the maison: actress Charlize Theron.<\/p>\n\n\n\n<p><strong>\u20ac9 400&nbsp;<\/strong><\/p>\n\n\n\n<p><a href=\"https:\/\/www.my-watchsite.com\/navitimer\/8538-breitling-navitimer-automatic-36.html\" target=\"_blank\" rel=\"noreferrer noopener\">Click here to read the Navitimer 36 steel and red gold, mother-of-pearl dial full technical sheet.<\/a><\/p>\n\n\n\n<p><a href=\"https:\/\/www.breitling.com\/fr-en\/watches\/navitimer\/navitimer-automatic-36\/U17327211A1\/\" target=\"_blank\" rel=\"noreferrer noopener\">BREITLING WEBSITE<\/a><\/p>\n\n\n\n<h2 class=\"wp-block-heading\"><strong>ZENITH, Pilot Big Date Flyback<\/strong><\/h2>\n\n\n\n<figure class=\"wp-block-image size-full\"><img decoding=\"async\" loading=\"lazy\" src=\"https:\/\/www.my-watchsite.fr\/blog\/wp-content\/uploads\/2023\/04\/zenith3.jpg\" alt=\"\" class=\"wp-image-26978\" \/><figcaption class=\"wp-element-caption\"><strong>The steel version is available with a brown leather strap and another black rubber cordura-effect one.<\/strong><br><\/figcaption><\/figure>\n\n\n\n<p>For the anecdote, Zenith has had very close ties with the universe of aviation since its creation. At the beginning of the 20<sup>th<\/sup> century, the founder of the watchmaking house indeed understood that humans will conquer the sky. Maybe he had a crystal ball, maybe he was just a visionary. Either way he filed a patent for the French term \u201cpilote\u201d and later for the English version \u201cpilot\u201d as well. Only years later will the manufacture start to make watches and flight instruments for pilots.<\/p>\n\n\n\n<figure class=\"wp-block-image size-full\"><img decoding=\"async\" loading=\"lazy\" src=\"https:\/\/www.my-watchsite.fr\/blog\/wp-content\/uploads\/2023\/04\/zenith1.jpg\" alt=\"\" class=\"wp-image-26979\" \/><figcaption class=\"wp-element-caption\"><strong>The seconds hand in the centre and the minute hand of the chronograph are coloured in a bright orange, as a nod to the emblematic 1997 El Primero Rainbow.<\/strong><br><\/figcaption><\/figure>\n\n\n\n<p> Ever since, Zenith has been the only brand able to have the terms \u201cpilote\u201d and \u201cpilot\u201d written on its timepieces. Many models then followed, such as the one presented during the last Watches and Wonders show in Geneva, the Pilot Big Date Flyback. This one was presented by Frank Sans C in his second video about <a href=\"https:\/\/www.youtube.com\/watch?v=cl5m7e6kfZg\" target=\"_blank\" rel=\"noreferrer noopener\">Watches and Wonders 2023<\/a> and in the following article:<\/p>\n\n\n\n<figure class=\"wp-block-embed is-type-wp-embed is-provider-mywatch-en wp-block-embed-mywatch-en\"><div class=\"wp-block-embed__wrapper\">\n<blockquote class=\"wp-embedded-content\" data-secret=\"fA24mD1j3o\"><a href=\"https:\/\/www.my-watchsite.com\/blog\/watches-and-wonders-2023-episode-2\/\">Watches and Wonders 2023: EPISODE #2<\/a><\/blockquote><iframe class=\"wp-embedded-content\" sandbox=\"allow-scripts\" security=\"restricted\" style=\"position: absolute; clip: rect(1px, 1px, 1px, 1px);\" title=\"&#8220;Watches and Wonders 2023: EPISODE #2&#8221; &#8212; MyWatch EN\" src=\"https:\/\/www.my-watchsite.com\/blog\/watches-and-wonders-2023-episode-2\/embed\/#?secret=lL8YJvogXO#?secret=fA24mD1j3o\" data-secret=\"fA24mD1j3o\" width=\"500\" height=\"282\" frameborder=\"0\" marginwidth=\"0\" marginheight=\"0\" scrolling=\"no\"><\/iframe>\n<\/div><\/figure>\n\n\n\n<p><strong><strong>\u20ac12&nbsp;300<\/strong><\/strong><\/p>\n\n\n\n<p><a href=\"https:\/\/www.my-watchsite.com\/pilot\/8405-pilot-big-date-flyback.html\" target=\"_blank\" rel=\"noreferrer noopener\">Click here to read the Zenith Pilot Big Date Flyback full technical sheet.<\/a><\/p>\n\n\n\n<p><a href=\"https:\/\/www.zenith-watches.com\/en_gb\/product\/pilot-big-date-flyback-03-4000-3652-21-i001\" target=\"_blank\" rel=\"noreferrer noopener\">ZENITH WATCHES WEBSITE<\/a><\/p>\n\n\n\n<h2 class=\"wp-block-heading\"><strong>The new collab: RESTREPO x FRANK SANS C<\/strong><\/h2>\n\n\n\n<figure class=\"wp-block-image size-full\"><img decoding=\"async\" loading=\"lazy\" src=\"https:\/\/www.my-watchsite.fr\/blog\/wp-content\/uploads\/2023\/10\/restrepo1.jpg\" alt=\"\" class=\"wp-image-30738\" \/><figcaption class=\"wp-element-caption\">The Ellipse Mach 3 Restrepo x Frank Sans C.<\/figcaption><\/figure>\n\n\n\n<p>Attention please, this is a rare one! The Ellipse Mach 3 is the fruit of the collaboration between the watchmaking maison Restrepo and Frank Sans C. There are only 10 of them. The watch displays the favourite colours of our tick-tock fanatic and has a navy-blue rubber strap with white loops.<\/p>\n\n\n\n<figure class=\"wp-block-image size-full\"><img decoding=\"async\" loading=\"lazy\" src=\"https:\/\/www.my-watchsite.fr\/blog\/wp-content\/uploads\/2023\/10\/restrpo3.jpg\" alt=\"\" class=\"wp-image-30744\" \/><figcaption class=\"wp-element-caption\"><strong>The Ellipse Mach 3 Restrepo x Frank Sans C&nbsp;displays the favourite colours of our tick-tock fanatic.<\/strong><\/figcaption><\/figure>\n\n\n\n<p>The 316L steel case has an elliptical shape, a staple of the collection. It is powered by a well-made Swiss ETA Valjoux 7750 movement. Decorated with C\u00f4te de Gen\u00e8ve, the chronograph exhibits its beautiful enamel dial, punctuated with green luminescent hands.<\/p>\n\n\n\n<figure class=\"wp-block-image size-full\"><img decoding=\"async\" loading=\"lazy\" src=\"https:\/\/www.my-watchsite.fr\/blog\/wp-content\/uploads\/2023\/10\/restrepo2.jpg\" alt=\"\" class=\"wp-image-30739\" \/><figcaption class=\"wp-element-caption\"><strong>The box of the Ellipse Mach 3 Restrepo x Frank Sans C.<\/strong><\/figcaption><\/figure>\n\n\n\n<p>Remember, Federico Restrepo&nbsp;already paid a visit to the set of Frank Sans C to unveil some of the emblematic pieces of his collections and introduce us to the world of Restrepo:<\/p>\n\n\n\n<figure class=\"wp-block-embed is-type-video is-provider-youtube wp-block-embed-youtube wp-embed-aspect-16-9 wp-has-aspect-ratio\"><div class=\"wp-block-embed__wrapper\">\n<iframe loading=\"lazy\" title=\"LES INCROYABLES MONTRES DE FEDERICO RESTREPO\" width=\"500\" height=\"281\" src=\"https:\/\/www.youtube.com\/embed\/ekSdHdDbEy0?feature=oembed\" frameborder=\"0\" allow=\"accelerometer; autoplay; clipboard-write; encrypted-media; gyroscope; picture-in-picture; web-share\" allowfullscreen><\/iframe>\n<\/div><\/figure>\n\n\n\n<p><strong>\u20ac4 884<\/strong><\/p>\n\n\n\n<p><strong>Read our article \u201c<a href=\"https:\/\/www.my-watchsite.com\/blog\/federico-restrepo-on-air\/\" target=\"_blank\" rel=\"noreferrer noopener\">Federico Restrepo, on air<\/a>\u201d<\/strong>.<\/p>\n\n\n\n<p><a href=\"https:\/\/www.restrepo-watches.com\/product-category\/collections\/watches\/ellipse-mach-2\/\" target=\"_blank\" rel=\"noreferrer noopener\">RESTREPO WEBSITE<\/a><\/p>\n\n\n\n<p><\/p>\n\n\n\n<p><a href=\"https:\/\/www.boutiquelesmontres.com\/en\" target=\"_blank\" rel=\"noreferrer noopener\">LASSAUSSOIS BOUTIQUE LES MONTRES LES BIJOUX WEBSITE <\/a><\/p>\n\n\n\n<p><a href=\"https:\/\/www.lecalibre.com\/\" target=\"_blank\" rel=\"noreferrer noopener\">LECALIBRE.COM WEBSITE<\/a><\/p>\n\n\n\n<p><\/p>\n\n\n\n<p><strong>See also:<\/strong><\/p>\n\n\n\n<figure class=\"wp-block-embed is-type-video is-provider-youtube wp-block-embed-youtube wp-embed-aspect-16-9 wp-has-aspect-ratio\"><div class=\"wp-block-embed__wrapper\">\n<iframe loading=\"lazy\" title=\"Les p\u00e9pites du salon Geneva Watch Days 2023 : Interviews exclusives ! (Episode 1 sur 3)\" width=\"500\" height=\"281\" src=\"https:\/\/www.youtube.com\/embed\/QosqyI3Zxxk?feature=oembed\" frameborder=\"0\" allow=\"accelerometer; autoplay; clipboard-write; encrypted-media; gyroscope; picture-in-picture; web-share\" allowfullscreen><\/iframe>\n<\/div><\/figure>\n\n\n\n<figure class=\"wp-block-embed is-type-video is-provider-youtube wp-block-embed-youtube wp-embed-aspect-16-9 wp-has-aspect-ratio\"><div class=\"wp-block-embed__wrapper\">\n<iframe loading=\"lazy\" title=\"Nouvelles Seamaster d&#039;Omega : Summer Blue, la couleur de l&#039;\u00e9t\u00e9 !\" width=\"500\" height=\"281\" src=\"https:\/\/www.youtube.com\/embed\/KBkjtnhyx5k?feature=oembed\" frameborder=\"0\" allow=\"accelerometer; autoplay; clipboard-write; encrypted-media; gyroscope; picture-in-picture; web-share\" allowfullscreen><\/iframe>\n<\/div><\/figure>\n\n\n\n<figure class=\"wp-block-embed is-type-video is-provider-youtube wp-block-embed-youtube wp-embed-aspect-16-9 wp-has-aspect-ratio\"><div class=\"wp-block-embed__wrapper\">\n<iframe loading=\"lazy\" title=\"Episode 2 : que de l&#039;exceptionnel  ! (Avec une l\u00e9gende vivante en invit\u00e9 surprise chez Chopard)\" width=\"500\" height=\"281\" src=\"https:\/\/www.youtube.com\/embed\/cl5m7e6kfZg?feature=oembed\" frameborder=\"0\" allow=\"accelerometer; autoplay; clipboard-write; encrypted-media; gyroscope; picture-in-picture; web-share\" allowfullscreen><\/iframe>\n<\/div><\/figure>\n\n\n\n<p><strong>Read also:<\/strong><\/p>\n\n\n\n<figure class=\"wp-block-embed is-type-wp-embed is-provider-mywatch-en wp-block-embed-mywatch-en\"><div class=\"wp-block-embed__wrapper\">\n<blockquote class=\"wp-embedded-content\" data-secret=\"lwmefCf32s\"><a href=\"https:\/\/www.my-watchsite.com\/blog\/geneva-watch-days-2023-episode-1\/\">Geneva Watch Days 2023: Episode #1<\/a><\/blockquote><iframe class=\"wp-embedded-content\" sandbox=\"allow-scripts\" security=\"restricted\" style=\"position: absolute; clip: rect(1px, 1px, 1px, 1px);\" title=\"&#8220;Geneva Watch Days 2023: Episode #1&#8221; &#8212; MyWatch EN\" src=\"https:\/\/www.my-watchsite.com\/blog\/geneva-watch-days-2023-episode-1\/embed\/#?secret=04M4WKqocz#?secret=lwmefCf32s\" data-secret=\"lwmefCf32s\" width=\"500\" height=\"282\" frameborder=\"0\" marginwidth=\"0\" marginheight=\"0\" scrolling=\"no\"><\/iframe>\n<\/div><\/figure>\n\n\n\n<figure class=\"wp-block-embed is-type-wp-embed is-provider-mywatch-en wp-block-embed-mywatch-en\"><div class=\"wp-block-embed__wrapper\">\n<blockquote class=\"wp-embedded-content\" data-secret=\"84gJPqiKgb\"><a href=\"https:\/\/www.my-watchsite.com\/blog\/eight-shades-of-blue-for-summer\/\">Eight shades of blue<\/a><\/blockquote><iframe class=\"wp-embedded-content\" sandbox=\"allow-scripts\" security=\"restricted\" style=\"position: absolute; clip: rect(1px, 1px, 1px, 1px);\" title=\"&#8220;Eight shades of blue&#8221; &#8212; MyWatch EN\" src=\"https:\/\/www.my-watchsite.com\/blog\/eight-shades-of-blue-for-summer\/embed\/#?secret=jJo0Zqql8F#?secret=84gJPqiKgb\" data-secret=\"84gJPqiKgb\" width=\"500\" height=\"282\" frameborder=\"0\" marginwidth=\"0\" marginheight=\"0\" scrolling=\"no\"><\/iframe>\n<\/div><\/figure>\n\n\n\n<figure class=\"wp-block-embed is-type-wp-embed is-provider-mywatch-en wp-block-embed-mywatch-en\"><div class=\"wp-block-embed__wrapper\">\n<blockquote class=\"wp-embedded-content\" data-secret=\"fA24mD1j3o\"><a href=\"https:\/\/www.my-watchsite.com\/blog\/watches-and-wonders-2023-episode-2\/\">Watches and Wonders 2023: EPISODE #2<\/a><\/blockquote><iframe class=\"wp-embedded-content\" sandbox=\"allow-scripts\" security=\"restricted\" style=\"position: absolute; clip: rect(1px, 1px, 1px, 1px);\" title=\"&#8220;Watches and Wonders 2023: EPISODE #2&#8221; &#8212; MyWatch EN\" src=\"https:\/\/www.my-watchsite.com\/blog\/watches-and-wonders-2023-episode-2\/embed\/#?secret=lL8YJvogXO#?secret=fA24mD1j3o\" data-secret=\"fA24mD1j3o\" width=\"500\" height=\"282\" frameborder=\"0\" marginwidth=\"0\" marginheight=\"0\" scrolling=\"no\"><\/iframe>\n<\/div><\/figure>\n","protected":false},"excerpt":{"rendered":"<p>For this show, we do not have a duo but a trio of tick-tock fanatics in store! In the Lassaussois boutique at the 58 rue de Rennes in Paris, Jean is receiving his accomplice Frank Sans C and another guest that we love, Th\u00e9o from the website lecalibre.com. These good pupils \u2013 though a little mischievous \u2013 present us today a selection of watches that caught their eyes for the start of Autumn. There is even a little surprise at the end&#8230;<\/p>\n","protected":false},"author":3,"featured_media":16294,"comment_status":"closed","ping_status":"closed","sticky":false,"template":"","format":"standard","meta":{"footnotes":""},"categories":[2],"tags":[30,44,36,232,12,64,24],"acf":[],"yoast_head":"<!-- This site is optimized with the Yoast SEO plugin v20.4 - https:\/\/yoast.com\/wordpress\/plugins\/seo\/ -->\n<title>6 watches for the Autumn - MyWatch EN<\/title>\n<meta name=\"description\" content=\"Lassaussois x Th\u00e9o from lecalibre.com introduce their favourite Autumn watches with Chanel, Breitling, Omega, Tudor, TAG Heuer and Zenith.\" \/>\n<meta name=\"robots\" content=\"index, follow, max-snippet:-1, max-image-preview:large, max-video-preview:-1\" \/>\n<link rel=\"canonical\" href=\"https:\/\/www.my-watchsite.com\/blog\/6-watches-for-the-autumn\/\" \/>\n<meta property=\"og:locale\" content=\"en_US\" \/>\n<meta property=\"og:type\" content=\"article\" \/>\n<meta property=\"og:title\" content=\"6 watches for the Autumn - MyWatch EN\" \/>\n<meta property=\"og:description\" content=\"Lassaussois x Th\u00e9o from lecalibre.com introduce their favourite Autumn watches with Chanel, Breitling, Omega, Tudor, TAG Heuer and Zenith.\" \/>\n<meta property=\"og:url\" content=\"https:\/\/www.my-watchsite.com\/blog\/6-watches-for-the-autumn\/\" \/>\n<meta property=\"og:site_name\" content=\"MyWatch EN\" \/>\n<meta property=\"article:publisher\" content=\"https:\/\/www.facebook.com\/MyWatchSite\/\" \/>\n<meta property=\"article:published_time\" content=\"2023-10-02T15:00:00+00:00\" \/>\n<meta property=\"article:modified_time\" content=\"2023-10-10T09:51:58+00:00\" \/>\n<meta property=\"og:image\" content=\"https:\/\/www.my-watchsite.com\/blog\/wp-content\/uploads\/sites\/2\/2023\/09\/lasshp.jpg\" \/>\n\t<meta property=\"og:image:width\" content=\"1563\" \/>\n\t<meta property=\"og:image:height\" content=\"969\" \/>\n\t<meta property=\"og:image:type\" content=\"image\/jpeg\" \/>\n<meta name=\"author\" content=\"Chlo\u00e9 Redler\" \/>\n<meta name=\"twitter:card\" content=\"summary_large_image\" \/>\n<meta name=\"twitter:creator\" content=\"@mywatchsite\" \/>\n<meta name=\"twitter:site\" content=\"@mywatchsite\" \/>\n<meta name=\"twitter:label1\" content=\"Written by\" \/>\n\t<meta name=\"twitter:data1\" content=\"Chlo\u00e9 Redler\" \/>\n\t<meta name=\"twitter:label2\" content=\"Est. reading time\" \/>\n\t<meta name=\"twitter:data2\" content=\"10 minutes\" \/>\n<script type=\"application\/ld+json\" class=\"yoast-schema-graph\">{\"@context\":\"https:\/\/schema.org\",\"@graph\":[{\"@type\":\"WebPage\",\"@id\":\"https:\/\/www.my-watchsite.com\/blog\/6-watches-for-the-autumn\/\",\"url\":\"https:\/\/www.my-watchsite.com\/blog\/6-watches-for-the-autumn\/\",\"name\":\"6 watches for the Autumn - MyWatch EN\",\"isPartOf\":{\"@id\":\"https:\/\/www.my-watchsite.com\/blog\/#website\"},\"datePublished\":\"2023-10-02T15:00:00+00:00\",\"dateModified\":\"2023-10-10T09:51:58+00:00\",\"author\":{\"@id\":\"https:\/\/www.my-watchsite.com\/blog\/#\/schema\/person\/d0a71aaf376997c19bcc32876032e616\"},\"description\":\"Lassaussois x Th\u00e9o from lecalibre.com introduce their favourite Autumn watches with Chanel, Breitling, Omega, Tudor, TAG Heuer and Zenith.\",\"breadcrumb\":{\"@id\":\"https:\/\/www.my-watchsite.com\/blog\/6-watches-for-the-autumn\/#breadcrumb\"},\"inLanguage\":\"en-US\",\"potentialAction\":[{\"@type\":\"ReadAction\",\"target\":[\"https:\/\/www.my-watchsite.com\/blog\/6-watches-for-the-autumn\/\"]}]},{\"@type\":\"BreadcrumbList\",\"@id\":\"https:\/\/www.my-watchsite.com\/blog\/6-watches-for-the-autumn\/#breadcrumb\",\"itemListElement\":[{\"@type\":\"ListItem\",\"position\":1,\"name\":\"Accueil\",\"item\":\"https:\/\/www.my-watchsite.com\/blog\/\"},{\"@type\":\"ListItem\",\"position\":2,\"name\":\"6 watches for the Autumn\"}]},{\"@type\":\"WebSite\",\"@id\":\"https:\/\/www.my-watchsite.com\/blog\/#website\",\"url\":\"https:\/\/www.my-watchsite.com\/blog\/\",\"name\":\"MyWatch EN\",\"description\":\"Make Time a Lifestyle\",\"potentialAction\":[{\"@type\":\"SearchAction\",\"target\":{\"@type\":\"EntryPoint\",\"urlTemplate\":\"https:\/\/www.my-watchsite.com\/blog\/?s={search_term_string}\"},\"query-input\":\"required name=search_term_string\"}],\"inLanguage\":\"en-US\"},{\"@type\":\"Person\",\"@id\":\"https:\/\/www.my-watchsite.com\/blog\/#\/schema\/person\/d0a71aaf376997c19bcc32876032e616\",\"name\":\"Chlo\u00e9 Redler\",\"image\":{\"@type\":\"ImageObject\",\"inLanguage\":\"en-US\",\"@id\":\"https:\/\/www.my-watchsite.com\/blog\/#\/schema\/person\/image\/\",\"url\":\"https:\/\/secure.gravatar.com\/avatar\/68b11128a6aeda527d5c85fdfe99d5ab?s=96&d=mm&r=g\",\"contentUrl\":\"https:\/\/secure.gravatar.com\/avatar\/68b11128a6aeda527d5c85fdfe99d5ab?s=96&d=mm&r=g\",\"caption\":\"Chlo\u00e9 Redler\"}}]}<\/script>\n<!-- \/ Yoast SEO plugin. -->","yoast_head_json":{"title":"6 watches for the Autumn - MyWatch EN","description":"Lassaussois x Th\u00e9o from lecalibre.com introduce their favourite Autumn watches with Chanel, Breitling, Omega, Tudor, TAG Heuer and Zenith.","robots":{"index":"index","follow":"follow","max-snippet":"max-snippet:-1","max-image-preview":"max-image-preview:large","max-video-preview":"max-video-preview:-1"},"canonical":"https:\/\/www.my-watchsite.com\/blog\/6-watches-for-the-autumn\/","og_locale":"en_US","og_type":"article","og_title":"6 watches for the Autumn - MyWatch EN","og_description":"Lassaussois x Th\u00e9o from lecalibre.com introduce their favourite Autumn watches with Chanel, Breitling, Omega, Tudor, TAG Heuer and Zenith.","og_url":"https:\/\/www.my-watchsite.com\/blog\/6-watches-for-the-autumn\/","og_site_name":"MyWatch EN","article_publisher":"https:\/\/www.facebook.com\/MyWatchSite\/","article_published_time":"2023-10-02T15:00:00+00:00","article_modified_time":"2023-10-10T09:51:58+00:00","og_image":[{"width":1563,"height":969,"url":"https:\/\/www.my-watchsite.com\/blog\/wp-content\/uploads\/sites\/2\/2023\/09\/lasshp.jpg","type":"image\/jpeg"}],"author":"Chlo\u00e9 Redler","twitter_card":"summary_large_image","twitter_creator":"@mywatchsite","twitter_site":"@mywatchsite","twitter_misc":{"Written by":"Chlo\u00e9 Redler","Est. reading time":"10 minutes"},"schema":{"@context":"https:\/\/schema.org","@graph":[{"@type":"WebPage","@id":"https:\/\/www.my-watchsite.com\/blog\/6-watches-for-the-autumn\/","url":"https:\/\/www.my-watchsite.com\/blog\/6-watches-for-the-autumn\/","name":"6 watches for the Autumn - MyWatch EN","isPartOf":{"@id":"https:\/\/www.my-watchsite.com\/blog\/#website"},"datePublished":"2023-10-02T15:00:00+00:00","dateModified":"2023-10-10T09:51:58+00:00","author":{"@id":"https:\/\/www.my-watchsite.com\/blog\/#\/schema\/person\/d0a71aaf376997c19bcc32876032e616"},"description":"Lassaussois x Th\u00e9o from lecalibre.com introduce their favourite Autumn watches with Chanel, Breitling, Omega, Tudor, TAG Heuer and Zenith.","breadcrumb":{"@id":"https:\/\/www.my-watchsite.com\/blog\/6-watches-for-the-autumn\/#breadcrumb"},"inLanguage":"en-US","potentialAction":[{"@type":"ReadAction","target":["https:\/\/www.my-watchsite.com\/blog\/6-watches-for-the-autumn\/"]}]},{"@type":"BreadcrumbList","@id":"https:\/\/www.my-watchsite.com\/blog\/6-watches-for-the-autumn\/#breadcrumb","itemListElement":[{"@type":"ListItem","position":1,"name":"Accueil","item":"https:\/\/www.my-watchsite.com\/blog\/"},{"@type":"ListItem","position":2,"name":"6 watches for the Autumn"}]},{"@type":"WebSite","@id":"https:\/\/www.my-watchsite.com\/blog\/#website","url":"https:\/\/www.my-watchsite.com\/blog\/","name":"MyWatch EN","description":"Make Time a Lifestyle","potentialAction":[{"@type":"SearchAction","target":{"@type":"EntryPoint","urlTemplate":"https:\/\/www.my-watchsite.com\/blog\/?s={search_term_string}"},"query-input":"required name=search_term_string"}],"inLanguage":"en-US"},{"@type":"Person","@id":"https:\/\/www.my-watchsite.com\/blog\/#\/schema\/person\/d0a71aaf376997c19bcc32876032e616","name":"Chlo\u00e9 Redler","image":{"@type":"ImageObject","inLanguage":"en-US","@id":"https:\/\/www.my-watchsite.com\/blog\/#\/schema\/person\/image\/","url":"https:\/\/secure.gravatar.com\/avatar\/68b11128a6aeda527d5c85fdfe99d5ab?s=96&d=mm&r=g","contentUrl":"https:\/\/secure.gravatar.com\/avatar\/68b11128a6aeda527d5c85fdfe99d5ab?s=96&d=mm&r=g","caption":"Chlo\u00e9 Redler"}}]}},"_links":{"self":[{"href":"https:\/\/www.my-watchsite.com\/blog\/wp-json\/wp\/v2\/posts\/16286"}],"collection":[{"href":"https:\/\/www.my-watchsite.com\/blog\/wp-json\/wp\/v2\/posts"}],"about":[{"href":"https:\/\/www.my-watchsite.com\/blog\/wp-json\/wp\/v2\/types\/post"}],"author":[{"embeddable":true,"href":"https:\/\/www.my-watchsite.com\/blog\/wp-json\/wp\/v2\/users\/3"}],"replies":[{"embeddable":true,"href":"https:\/\/www.my-watchsite.com\/blog\/wp-json\/wp\/v2\/comments?post=16286"}],"version-history":[{"count":32,"href":"https:\/\/www.my-watchsite.com\/blog\/wp-json\/wp\/v2\/posts\/16286\/revisions"}],"predecessor-version":[{"id":16407,"href":"https:\/\/www.my-watchsite.com\/blog\/wp-json\/wp\/v2\/posts\/16286\/revisions\/16407"}],"wp:featuredmedia":[{"embeddable":true,"href":"https:\/\/www.my-watchsite.com\/blog\/wp-json\/wp\/v2\/media\/16294"}],"wp:attachment":[{"href":"https:\/\/www.my-watchsite.com\/blog\/wp-json\/wp\/v2\/media?parent=16286"}],"wp:term":[{"taxonomy":"category","embeddable":true,"href":"https:\/\/www.my-watchsite.com\/blog\/wp-json\/wp\/v2\/categories?post=16286"},{"taxonomy":"post_tag","embeddable":true,"href":"https:\/\/www.my-watchsite.com\/blog\/wp-json\/wp\/v2\/tags?post=16286"}],"curies":[{"name":"wp","href":"https:\/\/api.w.org\/{rel}","templated":true}]}}