{"id":17105,"date":"2024-04-02T10:25:00","date_gmt":"2024-04-02T08:25:00","guid":{"rendered":"https:\/\/www.my-watchsite.com\/blog\/?p=17105"},"modified":"2024-04-05T11:10:23","modified_gmt":"2024-04-05T09:10:23","slug":"ocean-of-time-whose-waves-are-years","status":"publish","type":"post","link":"https:\/\/www.my-watchsite.com\/blog\/ocean-of-time-whose-waves-are-years\/","title":{"rendered":"Ocean of time, whose waves are years"},"content":{"rendered":"\n<figure class=\"wp-block-embed is-type-video is-provider-youtube wp-block-embed-youtube wp-embed-aspect-16-9 wp-has-aspect-ratio\"><div class=\"wp-block-embed__wrapper\">\n<iframe loading=\"lazy\" title=\"Lancement de l&#039;horlogerie po\u00e9tique Buci\" width=\"500\" height=\"281\" src=\"https:\/\/www.youtube.com\/embed\/aNLtIKAbZ2Q?feature=oembed\" frameborder=\"0\" allow=\"accelerometer; autoplay; clipboard-write; encrypted-media; gyroscope; picture-in-picture; web-share\" referrerpolicy=\"strict-origin-when-cross-origin\" allowfullscreen><\/iframe>\n<\/div><\/figure>\n\n\n\n<p>Debuting in 2022, Buci is a fresh new face in the world of high watchmaking. Thanks to a crowd-funding campaign, Nousse\u00efma Baraket \u2013 the company founder \u2013 was able to launch her brand. Born in the Franche Comt\u00e9 region of France, a <em>&#8216;stronghold of French watchmaking on the Swiss border<\/em>&#8216; Baraket was &#8216;<em>lulled by the tic-toc of timepieces ever since [she] was little <\/em>[\u2026]<em> entranced by the chiming symphony of hundreds of tiny, coordinated pieces.<\/em>&#8216;<br><\/p>\n\n\n\n<figure class=\"wp-block-image size-full\"><img decoding=\"async\" loading=\"lazy\" src=\"https:\/\/www.my-watchsite.fr\/blog\/wp-content\/uploads\/2024\/03\/buci2.jpg\" alt=\"\" class=\"wp-image-34817\" \/><\/figure>\n\n\n\n<p>Her close relationship with the mechanical tools we trust to tell time inspired her to infuse her watchmaking creation with the nostalgia and dreamlike essence needed to poetically express time. It felt right for Baraket to settle in the 6<sup>th<\/sup> arrondissement of Paris, where the March\u00e9 de la Po\u00e9sie (the French poetry fair) is held, and which many generations of artists and poets like Jacques Pr\u00e9vert and Ernest Hemmingway called home. The brand\u2019s name \u2018Buci\u2019 pays tribute to rue de Buci, just minutes away from where Baraket started her watchmaking journey.<\/p>\n\n\n\n<figure class=\"wp-block-image size-full\"><img decoding=\"async\" loading=\"lazy\" src=\"https:\/\/www.my-watchsite.fr\/blog\/wp-content\/uploads\/2024\/03\/buci8.jpg\" alt=\"\" class=\"wp-image-34822\" \/><\/figure>\n\n\n\n<p>However, each watch is crafted not in Paris, but in the hotbed of high watchmaking know-how: the Jura Mountains. These unisex timepieces (all limited-edition collections), a tad retro and beautifully curvaceous, are set in a 38mm steel case and boast sage leaf-shaped hands \u2013 handcrafted in France\u2019s last remaining manufacturing plant.<\/p>\n\n\n\n<figure class=\"wp-block-image size-full\"><img decoding=\"async\" loading=\"lazy\" src=\"https:\/\/www.my-watchsite.fr\/blog\/wp-content\/uploads\/2024\/03\/buci7.jpg\" alt=\"\" class=\"wp-image-34821\" \/><\/figure>\n\n\n\n<p>So too is this new showpiece, created in collaboration with the French artist Romaric Andr\u00e9, aka seconde\/seconde\/, a nod to the second hands that he systematically reinterprets in his work. Andr\u00e9, who is famous for his vintage watch reinterpretations and collaborations with major watchmakers, is responsible for the simple yet subtle design of this new 40-piece limited edition. His drawing represents a cut that bleeds ink onto the dial, whose texture is akin to coarse paper \u2013 a metaphor for the struggle inherent to any creative endeavour, and the sometimes-torturous relationship between the poet and his medium.<\/p>\n\n\n\n<figure class=\"wp-block-image size-full\"><img decoding=\"async\" loading=\"lazy\" src=\"https:\/\/www.my-watchsite.fr\/blog\/wp-content\/uploads\/2024\/03\/buci9.jpg\" alt=\"\" class=\"wp-image-34820\" \/><\/figure>\n\n\n\n<p>Printed on the sapphire crystal case back is his very own definition of poetry, and his message cannot be misconstrued, it reads \u2018<strong><em>poetry<\/em><\/strong><em> \/\u2019po\u028a\u0259tri\/ n. <strong>bloodsport where a daring soul fiercely fights a blank paper<\/strong><\/em>.\u2019 This model is water resistant up to 30m and is equipped with a 44h power reserve.<\/p>\n\n\n\n<figure class=\"wp-block-gallery has-nested-images columns-default is-cropped wp-block-gallery-1 is-layout-flex wp-block-gallery-is-layout-flex\">\n<figure class=\"wp-block-image size-large\"><img decoding=\"async\" loading=\"lazy\" data-id=\"34819\" src=\"https:\/\/www.my-watchsite.fr\/blog\/wp-content\/uploads\/2024\/03\/buci4.jpg\" alt=\"\" class=\"wp-image-34819\" \/><\/figure>\n\n\n\n<figure class=\"wp-block-image size-large\"><img decoding=\"async\" loading=\"lazy\" data-id=\"34818\" src=\"https:\/\/www.my-watchsite.fr\/blog\/wp-content\/uploads\/2024\/03\/buci5.jpg\" alt=\"\" class=\"wp-image-34818\" \/><\/figure>\n<\/figure>\n\n\n\n<p>Each watch comes with and interchangeable leather strap, which can be black, brown, or camel, engraved with a specific poetic affirmation. The engraving is available either on the outside or on the inside and each watch comes with a complementary suede strap. This watch is housed in a special box, whose shape and typographic details evokes a tome in an authentic French bookshop.<\/p>\n\n\n\n<figure class=\"wp-block-image size-full\"><img decoding=\"async\" loading=\"lazy\" src=\"https:\/\/www.my-watchsite.fr\/blog\/wp-content\/uploads\/2024\/03\/buci6.jpg\" alt=\"\" class=\"wp-image-34823\" \/><\/figure>\n\n\n\n<p><strong><strong>Limited edition, 40 pieces, numbered &#8211; \u20ac1,495<\/strong><\/strong><\/p>\n\n\n\n<p><a href=\"https:\/\/www.buci-paris.com\/\" target=\"_blank\" rel=\"noreferrer noopener\">BUCI WEBSITE<\/a><\/p>\n\n\n\n<p><a href=\"https:\/\/seconde-seconde.com\/\" target=\"_blank\" rel=\"noreferrer noopener\">SECOND\/SECOND WEBSITE<\/a><\/p>\n\n\n\n<p><strong>To see also:<\/strong><\/p>\n\n\n\n<figure class=\"wp-block-embed is-type-video is-provider-youtube wp-block-embed-youtube wp-embed-aspect-16-9 wp-has-aspect-ratio\"><div class=\"wp-block-embed__wrapper\">\n<iframe loading=\"lazy\" title=\"DEUX TOP HORLOG\u00c8RES... ET CHLO\u00c9 EN CERISE SUR LE PLATEAU ! TROIS DR\u00d4LES DE DAMES...\" width=\"500\" height=\"281\" src=\"https:\/\/www.youtube.com\/embed\/FyMl_ekojk4?feature=oembed\" frameborder=\"0\" allow=\"accelerometer; autoplay; clipboard-write; encrypted-media; gyroscope; picture-in-picture; web-share\" referrerpolicy=\"strict-origin-when-cross-origin\" allowfullscreen><\/iframe>\n<\/div><\/figure>\n\n\n\n<p><strong>To read also:<\/strong><\/p>\n\n\n\n<figure class=\"wp-block-embed is-type-wp-embed is-provider-mywatch-en wp-block-embed-mywatch-en\"><div class=\"wp-block-embed__wrapper\">\n<blockquote class=\"wp-embedded-content\" data-secret=\"IsXpsoUJr9\"><a href=\"https:\/\/www.my-watchsite.com\/blog\/the-age-of-buci\/\">The age of Buci<\/a><\/blockquote><iframe class=\"wp-embedded-content\" sandbox=\"allow-scripts\" security=\"restricted\" style=\"position: absolute; clip: rect(1px, 1px, 1px, 1px);\" title=\"\u00ab\u00a0The age of Buci\u00a0\u00bb &#8212; MyWatch EN\" src=\"https:\/\/www.my-watchsite.com\/blog\/the-age-of-buci\/embed\/#?secret=LwHaft74Dw#?secret=IsXpsoUJr9\" data-secret=\"IsXpsoUJr9\" width=\"500\" height=\"282\" frameborder=\"0\" marginwidth=\"0\" marginheight=\"0\" scrolling=\"no\"><\/iframe>\n<\/div><\/figure>\n\n\n\n<p><\/p>\n\n\n\n<p><\/p>\n\n\n\n<p><\/p>\n","protected":false},"excerpt":{"rendered":"<p>The French Maison Buci, famous for its \u2018poetic watchmaking\u2019, has released a new 40-piece limited edition watch in collaboration with the notorious artist seconde\/seconde\/, which epitomizes the poet\u2019s creative struggle. The pair could not have picked a better day to release this watch: World Poetry Day on March 21st. This timepiece will be available for pre-order until April 15th, 2024, with an estimated delivery in May.<\/p>\n","protected":false},"author":27,"featured_media":17106,"comment_status":"closed","ping_status":"closed","sticky":false,"template":"","format":"standard","meta":{"footnotes":""},"categories":[2],"tags":[385],"acf":[],"yoast_head":"<!-- This site is optimized with the Yoast SEO plugin v20.4 - https:\/\/yoast.com\/wordpress\/plugins\/seo\/ -->\n<title>Ocean of time, whose waves are years - MyWatch EN<\/title>\n<meta name=\"description\" content=\"Buci has teamed up with the designer seconde\/seconde\/ to create a limited series of 40 pieces, embodying the poet&#039;s spirit.\" \/>\n<meta name=\"robots\" content=\"index, follow, max-snippet:-1, max-image-preview:large, max-video-preview:-1\" \/>\n<link rel=\"canonical\" href=\"https:\/\/www.my-watchsite.com\/blog\/ocean-of-time-whose-waves-are-years\/\" \/>\n<meta property=\"og:locale\" content=\"en_US\" \/>\n<meta property=\"og:type\" content=\"article\" \/>\n<meta property=\"og:title\" content=\"Ocean of time, whose waves are years - MyWatch EN\" \/>\n<meta property=\"og:description\" content=\"Buci has teamed up with the designer seconde\/seconde\/ to create a limited series of 40 pieces, embodying the poet&#039;s spirit.\" \/>\n<meta property=\"og:url\" content=\"https:\/\/www.my-watchsite.com\/blog\/ocean-of-time-whose-waves-are-years\/\" \/>\n<meta property=\"og:site_name\" content=\"MyWatch EN\" \/>\n<meta property=\"article:publisher\" content=\"https:\/\/www.facebook.com\/MyWatchSite\/\" \/>\n<meta property=\"article:published_time\" content=\"2024-04-02T08:25:00+00:00\" \/>\n<meta property=\"article:modified_time\" content=\"2024-04-05T09:10:23+00:00\" \/>\n<meta property=\"og:image\" content=\"https:\/\/www.my-watchsite.com\/blog\/wp-content\/uploads\/sites\/2\/2024\/04\/buci.jpg\" \/>\n\t<meta property=\"og:image:width\" content=\"600\" \/>\n\t<meta property=\"og:image:height\" content=\"372\" \/>\n\t<meta property=\"og:image:type\" content=\"image\/jpeg\" \/>\n<meta name=\"author\" content=\"Florence Halimi\" \/>\n<meta name=\"twitter:card\" content=\"summary_large_image\" \/>\n<meta name=\"twitter:creator\" content=\"@mywatchsite\" \/>\n<meta name=\"twitter:site\" content=\"@mywatchsite\" \/>\n<meta name=\"twitter:label1\" content=\"Written by\" \/>\n\t<meta name=\"twitter:data1\" content=\"Florence Halimi\" \/>\n\t<meta name=\"twitter:label2\" content=\"Est. reading time\" \/>\n\t<meta name=\"twitter:data2\" content=\"4 minutes\" \/>\n<script type=\"application\/ld+json\" class=\"yoast-schema-graph\">{\"@context\":\"https:\/\/schema.org\",\"@graph\":[{\"@type\":\"WebPage\",\"@id\":\"https:\/\/www.my-watchsite.com\/blog\/ocean-of-time-whose-waves-are-years\/\",\"url\":\"https:\/\/www.my-watchsite.com\/blog\/ocean-of-time-whose-waves-are-years\/\",\"name\":\"Ocean of time, whose waves are years - MyWatch EN\",\"isPartOf\":{\"@id\":\"https:\/\/www.my-watchsite.com\/blog\/#website\"},\"datePublished\":\"2024-04-02T08:25:00+00:00\",\"dateModified\":\"2024-04-05T09:10:23+00:00\",\"author\":{\"@id\":\"https:\/\/www.my-watchsite.com\/blog\/#\/schema\/person\/da2e71d6c80d7b64d847e1e63c5bc0c4\"},\"description\":\"Buci has teamed up with the designer seconde\/seconde\/ to create a limited series of 40 pieces, embodying the poet's spirit.\",\"breadcrumb\":{\"@id\":\"https:\/\/www.my-watchsite.com\/blog\/ocean-of-time-whose-waves-are-years\/#breadcrumb\"},\"inLanguage\":\"en-US\",\"potentialAction\":[{\"@type\":\"ReadAction\",\"target\":[\"https:\/\/www.my-watchsite.com\/blog\/ocean-of-time-whose-waves-are-years\/\"]}]},{\"@type\":\"BreadcrumbList\",\"@id\":\"https:\/\/www.my-watchsite.com\/blog\/ocean-of-time-whose-waves-are-years\/#breadcrumb\",\"itemListElement\":[{\"@type\":\"ListItem\",\"position\":1,\"name\":\"Accueil\",\"item\":\"https:\/\/www.my-watchsite.com\/blog\/\"},{\"@type\":\"ListItem\",\"position\":2,\"name\":\"Ocean of time, whose waves are years\"}]},{\"@type\":\"WebSite\",\"@id\":\"https:\/\/www.my-watchsite.com\/blog\/#website\",\"url\":\"https:\/\/www.my-watchsite.com\/blog\/\",\"name\":\"MyWatch EN\",\"description\":\"Make Time a Lifestyle\",\"potentialAction\":[{\"@type\":\"SearchAction\",\"target\":{\"@type\":\"EntryPoint\",\"urlTemplate\":\"https:\/\/www.my-watchsite.com\/blog\/?s={search_term_string}\"},\"query-input\":\"required name=search_term_string\"}],\"inLanguage\":\"en-US\"},{\"@type\":\"Person\",\"@id\":\"https:\/\/www.my-watchsite.com\/blog\/#\/schema\/person\/da2e71d6c80d7b64d847e1e63c5bc0c4\",\"name\":\"Florence Halimi\",\"image\":{\"@type\":\"ImageObject\",\"inLanguage\":\"en-US\",\"@id\":\"https:\/\/www.my-watchsite.com\/blog\/#\/schema\/person\/image\/\",\"url\":\"https:\/\/secure.gravatar.com\/avatar\/f98e2c3a06883e69759ce0f60446ef46?s=96&d=mm&r=g\",\"contentUrl\":\"https:\/\/secure.gravatar.com\/avatar\/f98e2c3a06883e69759ce0f60446ef46?s=96&d=mm&r=g\",\"caption\":\"Florence Halimi\"}}]}<\/script>\n<!-- \/ Yoast SEO plugin. -->","yoast_head_json":{"title":"Ocean of time, whose waves are years - MyWatch EN","description":"Buci has teamed up with the designer seconde\/seconde\/ to create a limited series of 40 pieces, embodying the poet's spirit.","robots":{"index":"index","follow":"follow","max-snippet":"max-snippet:-1","max-image-preview":"max-image-preview:large","max-video-preview":"max-video-preview:-1"},"canonical":"https:\/\/www.my-watchsite.com\/blog\/ocean-of-time-whose-waves-are-years\/","og_locale":"en_US","og_type":"article","og_title":"Ocean of time, whose waves are years - MyWatch EN","og_description":"Buci has teamed up with the designer seconde\/seconde\/ to create a limited series of 40 pieces, embodying the poet's spirit.","og_url":"https:\/\/www.my-watchsite.com\/blog\/ocean-of-time-whose-waves-are-years\/","og_site_name":"MyWatch EN","article_publisher":"https:\/\/www.facebook.com\/MyWatchSite\/","article_published_time":"2024-04-02T08:25:00+00:00","article_modified_time":"2024-04-05T09:10:23+00:00","og_image":[{"width":600,"height":372,"url":"https:\/\/www.my-watchsite.com\/blog\/wp-content\/uploads\/sites\/2\/2024\/04\/buci.jpg","type":"image\/jpeg"}],"author":"Florence Halimi","twitter_card":"summary_large_image","twitter_creator":"@mywatchsite","twitter_site":"@mywatchsite","twitter_misc":{"Written by":"Florence Halimi","Est. reading time":"4 minutes"},"schema":{"@context":"https:\/\/schema.org","@graph":[{"@type":"WebPage","@id":"https:\/\/www.my-watchsite.com\/blog\/ocean-of-time-whose-waves-are-years\/","url":"https:\/\/www.my-watchsite.com\/blog\/ocean-of-time-whose-waves-are-years\/","name":"Ocean of time, whose waves are years - MyWatch EN","isPartOf":{"@id":"https:\/\/www.my-watchsite.com\/blog\/#website"},"datePublished":"2024-04-02T08:25:00+00:00","dateModified":"2024-04-05T09:10:23+00:00","author":{"@id":"https:\/\/www.my-watchsite.com\/blog\/#\/schema\/person\/da2e71d6c80d7b64d847e1e63c5bc0c4"},"description":"Buci has teamed up with the designer seconde\/seconde\/ to create a limited series of 40 pieces, embodying the poet's spirit.","breadcrumb":{"@id":"https:\/\/www.my-watchsite.com\/blog\/ocean-of-time-whose-waves-are-years\/#breadcrumb"},"inLanguage":"en-US","potentialAction":[{"@type":"ReadAction","target":["https:\/\/www.my-watchsite.com\/blog\/ocean-of-time-whose-waves-are-years\/"]}]},{"@type":"BreadcrumbList","@id":"https:\/\/www.my-watchsite.com\/blog\/ocean-of-time-whose-waves-are-years\/#breadcrumb","itemListElement":[{"@type":"ListItem","position":1,"name":"Accueil","item":"https:\/\/www.my-watchsite.com\/blog\/"},{"@type":"ListItem","position":2,"name":"Ocean of time, whose waves are years"}]},{"@type":"WebSite","@id":"https:\/\/www.my-watchsite.com\/blog\/#website","url":"https:\/\/www.my-watchsite.com\/blog\/","name":"MyWatch EN","description":"Make Time a Lifestyle","potentialAction":[{"@type":"SearchAction","target":{"@type":"EntryPoint","urlTemplate":"https:\/\/www.my-watchsite.com\/blog\/?s={search_term_string}"},"query-input":"required name=search_term_string"}],"inLanguage":"en-US"},{"@type":"Person","@id":"https:\/\/www.my-watchsite.com\/blog\/#\/schema\/person\/da2e71d6c80d7b64d847e1e63c5bc0c4","name":"Florence Halimi","image":{"@type":"ImageObject","inLanguage":"en-US","@id":"https:\/\/www.my-watchsite.com\/blog\/#\/schema\/person\/image\/","url":"https:\/\/secure.gravatar.com\/avatar\/f98e2c3a06883e69759ce0f60446ef46?s=96&d=mm&r=g","contentUrl":"https:\/\/secure.gravatar.com\/avatar\/f98e2c3a06883e69759ce0f60446ef46?s=96&d=mm&r=g","caption":"Florence Halimi"}}]}},"_links":{"self":[{"href":"https:\/\/www.my-watchsite.com\/blog\/wp-json\/wp\/v2\/posts\/17105"}],"collection":[{"href":"https:\/\/www.my-watchsite.com\/blog\/wp-json\/wp\/v2\/posts"}],"about":[{"href":"https:\/\/www.my-watchsite.com\/blog\/wp-json\/wp\/v2\/types\/post"}],"author":[{"embeddable":true,"href":"https:\/\/www.my-watchsite.com\/blog\/wp-json\/wp\/v2\/users\/27"}],"replies":[{"embeddable":true,"href":"https:\/\/www.my-watchsite.com\/blog\/wp-json\/wp\/v2\/comments?post=17105"}],"version-history":[{"count":5,"href":"https:\/\/www.my-watchsite.com\/blog\/wp-json\/wp\/v2\/posts\/17105\/revisions"}],"predecessor-version":[{"id":17139,"href":"https:\/\/www.my-watchsite.com\/blog\/wp-json\/wp\/v2\/posts\/17105\/revisions\/17139"}],"wp:featuredmedia":[{"embeddable":true,"href":"https:\/\/www.my-watchsite.com\/blog\/wp-json\/wp\/v2\/media\/17106"}],"wp:attachment":[{"href":"https:\/\/www.my-watchsite.com\/blog\/wp-json\/wp\/v2\/media?parent=17105"}],"wp:term":[{"taxonomy":"category","embeddable":true,"href":"https:\/\/www.my-watchsite.com\/blog\/wp-json\/wp\/v2\/categories?post=17105"},{"taxonomy":"post_tag","embeddable":true,"href":"https:\/\/www.my-watchsite.com\/blog\/wp-json\/wp\/v2\/tags?post=17105"}],"curies":[{"name":"wp","href":"https:\/\/api.w.org\/{rel}","templated":true}]}}