{"id":2422,"date":"2014-05-07T00:00:00","date_gmt":"2014-05-06T22:00:00","guid":{"rendered":"https:\/\/www.my-watchsite.com\/blog\/jaeger-lecoultre-pays-tribute-to-charlie-chaplin-n1523\/"},"modified":"2014-05-07T00:00:00","modified_gmt":"2014-05-06T22:00:00","slug":"jaeger-lecoultre-pays-tribute-to-charlie-chaplin-n1523","status":"publish","type":"post","link":"https:\/\/www.my-watchsite.com\/blog\/jaeger-lecoultre-pays-tribute-to-charlie-chaplin-n1523\/","title":{"rendered":"Jaeger-LeCoultre pays tribute to Charlie Chaplin"},"content":{"rendered":"<p>?Jaeger-LeCoultre joined the Film Society of Lincoln Center in honoring Rob Reiner as the recipient of the 41st Annual Chaplin Award in New York. Carmen Chaplin, Charlie Chaplin&#8217;s granddaughter, attended the prestigious Gala to pay tribute to her grandfather whose talent made its mark on history, and was the first emblematic figure of Cinema to be awarded by the Film Society of Lincoln Center. The Film Society&#8217;s Annual Gala began in 1972 and honored Charlie Chaplin, who returned to the U.S. from exile to accept the commendation. Since then, the award has been renamed for Chaplin, and has honored many of the film industry&#8217;s most notable talents. The celebration was also attended by a host of notorious guests honoring the director, producer, actor, and political activist&#8217;s career and included movie and interview clips culminating in the presentation of The Chaplin Award by Martin Scorsese. The evening&#8217;s proceedings also included appearances by Billy Crystal, Michael Douglas, Michael McKean, Meg Ryan.<\/p>\n<div>Prior to the Chaplin Award Gala, a unique photographic exhibition \u201cChaplin Forever!\u201d, retracing the most famous moments of the beloved actor and producer&#8217;s career was inaugurated at the Film Society of Lincoln Center.<\/div>\n<div>Jaeger-LeCoultre inaugurates \u201cChaplin Forever!\u201d Exhibition ?Jaeger-LeCoultre celebrated the opening of \u201cChaplin Forever!\u201d, in honor of the 100th Anniversary of Chaplin&#8217;s character \u201cThe Little Tramp\u201d, held at the at the Film Society of Lincoln Center. Curated by the Mus\u00e9e de l&#8217;Elys\u00e9e located in Lausanne, Switzerland, this unique photographic exhibition pays homage to the beloved actor and producer Charlie Chaplin and retraces the most famous moments of his career. On this special occasion, Carmen Chaplin screened her two short movies \u201cA Time For Everything\u201d and \u201cThe Innovators\u201d as a tribute to her grandfather&#8217;s legacy.<\/div>\n<div>\u201cThe Chaplin photographic collection contains about 10,000 photographs and negatives. In the context of this unique exhibition at the Film Society of Lincoln Center, we had the privilege to present iconic images selected for the occasion\u201d Sam Stourdz\u00e9, director of the Mus\u00e9e de l&#8217;Elys\u00e9e, mentioned.<\/div>\n<div>Involved in the world of filmmaking for several years now, Jaeger-LeCoutre has a longstanding engagement in supporting the appreciation and preservation of film. Supported by a unique inventive spirit, Jaeger-LeCoultre is commited to a constant quest for excellence, as did Charlie Chaplin when making movies.<\/div>\n<ul>\n<li><img decoding=\"async\" src=\"https:\/\/www.my-watchsite.com\/blog\/wp-content\/uploads\/sites\/2\/2020\/08\/635_1931.jpg\" alt=\"Carmen Chaplin wearing a Jaeger-LeCoultre Joaillerie 101 watch - 41st Chaplin Award Gala\" \/><\/li>\n<li><img decoding=\"async\" src=\"https:\/\/www.my-watchsite.com\/blog\/wp-content\/uploads\/sites\/2\/2020\/08\/635_1932.jpg\" alt=\"Daniel Riedo, Carmen Chaplin &amp; Director of the Mus\u00e9e de l\u00b9Elys\u00e9e Sam Stourdz\u00e9 - Getty\" \/><\/li>\n<\/ul>\n","protected":false},"excerpt":{"rendered":"<p>?Jaeger-LeCoultre joined the Film Society of Lincoln Center in honoring Rob Reiner as the recipient of the 41st Annual Chaplin Award in New York. Carmen Chaplin, Charlie Chaplin&#8217;s granddaughter, attended the prestigious Gala to pay tribute to her grandfather whose talent made its mark on history, and was the first emblematic figure of Cinema to [&hellip;]<\/p>\n","protected":false},"author":1,"featured_media":2425,"comment_status":"closed","ping_status":"closed","sticky":false,"template":"","format":"standard","meta":{"footnotes":""},"categories":[2],"tags":[14],"acf":[],"yoast_head":"<!-- This site is optimized with the Yoast SEO plugin v20.4 - https:\/\/yoast.com\/wordpress\/plugins\/seo\/ -->\n<title>Jaeger-LeCoultre pays tribute to Charlie Chaplin - MyWatch EN<\/title>\n<meta name=\"robots\" content=\"index, follow, max-snippet:-1, max-image-preview:large, max-video-preview:-1\" \/>\n<link rel=\"canonical\" href=\"https:\/\/www.my-watchsite.com\/blog\/jaeger-lecoultre-pays-tribute-to-charlie-chaplin-n1523\/\" \/>\n<meta property=\"og:locale\" content=\"en_US\" \/>\n<meta property=\"og:type\" content=\"article\" \/>\n<meta property=\"og:title\" content=\"Jaeger-LeCoultre pays tribute to Charlie Chaplin - MyWatch EN\" \/>\n<meta property=\"og:description\" content=\"?Jaeger-LeCoultre joined the Film Society of Lincoln Center in honoring Rob Reiner as the recipient of the 41st Annual Chaplin Award in New York. Carmen Chaplin, Charlie Chaplin&#8217;s granddaughter, attended the prestigious Gala to pay tribute to her grandfather whose talent made its mark on history, and was the first emblematic figure of Cinema to [&hellip;]\" \/>\n<meta property=\"og:url\" content=\"https:\/\/www.my-watchsite.com\/blog\/jaeger-lecoultre-pays-tribute-to-charlie-chaplin-n1523\/\" \/>\n<meta property=\"og:site_name\" content=\"MyWatch EN\" \/>\n<meta property=\"article:publisher\" content=\"https:\/\/www.facebook.com\/MyWatchSite\/\" \/>\n<meta property=\"article:published_time\" content=\"2014-05-06T22:00:00+00:00\" \/>\n<meta property=\"og:image\" content=\"https:\/\/www.my-watchsite.com\/blog\/wp-content\/uploads\/sites\/2\/2020\/08\/thumb_1523.jpg\" \/>\n\t<meta property=\"og:image:width\" content=\"654\" \/>\n\t<meta property=\"og:image:height\" content=\"435\" \/>\n\t<meta property=\"og:image:type\" content=\"image\/jpeg\" \/>\n<meta name=\"author\" content=\"MyWatch\" \/>\n<meta name=\"twitter:card\" content=\"summary_large_image\" \/>\n<meta name=\"twitter:creator\" content=\"@mywatchsite\" \/>\n<meta name=\"twitter:site\" content=\"@mywatchsite\" \/>\n<meta name=\"twitter:label1\" content=\"Written by\" \/>\n\t<meta name=\"twitter:data1\" content=\"MyWatch\" \/>\n\t<meta name=\"twitter:label2\" content=\"Est. reading time\" \/>\n\t<meta name=\"twitter:data2\" content=\"2 minutes\" \/>\n<script type=\"application\/ld+json\" class=\"yoast-schema-graph\">{\"@context\":\"https:\/\/schema.org\",\"@graph\":[{\"@type\":\"WebPage\",\"@id\":\"https:\/\/www.my-watchsite.com\/blog\/jaeger-lecoultre-pays-tribute-to-charlie-chaplin-n1523\/\",\"url\":\"https:\/\/www.my-watchsite.com\/blog\/jaeger-lecoultre-pays-tribute-to-charlie-chaplin-n1523\/\",\"name\":\"Jaeger-LeCoultre pays tribute to Charlie Chaplin - MyWatch EN\",\"isPartOf\":{\"@id\":\"https:\/\/www.my-watchsite.com\/blog\/#website\"},\"datePublished\":\"2014-05-06T22:00:00+00:00\",\"dateModified\":\"2014-05-06T22:00:00+00:00\",\"author\":{\"@id\":\"https:\/\/www.my-watchsite.com\/blog\/#\/schema\/person\/67e19b3e3d014465042ff1be1c9fcf44\"},\"breadcrumb\":{\"@id\":\"https:\/\/www.my-watchsite.com\/blog\/jaeger-lecoultre-pays-tribute-to-charlie-chaplin-n1523\/#breadcrumb\"},\"inLanguage\":\"en-US\",\"potentialAction\":[{\"@type\":\"ReadAction\",\"target\":[\"https:\/\/www.my-watchsite.com\/blog\/jaeger-lecoultre-pays-tribute-to-charlie-chaplin-n1523\/\"]}]},{\"@type\":\"BreadcrumbList\",\"@id\":\"https:\/\/www.my-watchsite.com\/blog\/jaeger-lecoultre-pays-tribute-to-charlie-chaplin-n1523\/#breadcrumb\",\"itemListElement\":[{\"@type\":\"ListItem\",\"position\":1,\"name\":\"Accueil\",\"item\":\"https:\/\/www.my-watchsite.com\/blog\/\"},{\"@type\":\"ListItem\",\"position\":2,\"name\":\"Jaeger-LeCoultre pays tribute to Charlie Chaplin\"}]},{\"@type\":\"WebSite\",\"@id\":\"https:\/\/www.my-watchsite.com\/blog\/#website\",\"url\":\"https:\/\/www.my-watchsite.com\/blog\/\",\"name\":\"MyWatch EN\",\"description\":\"Make Time a Lifestyle\",\"potentialAction\":[{\"@type\":\"SearchAction\",\"target\":{\"@type\":\"EntryPoint\",\"urlTemplate\":\"https:\/\/www.my-watchsite.com\/blog\/?s={search_term_string}\"},\"query-input\":\"required name=search_term_string\"}],\"inLanguage\":\"en-US\"},{\"@type\":\"Person\",\"@id\":\"https:\/\/www.my-watchsite.com\/blog\/#\/schema\/person\/67e19b3e3d014465042ff1be1c9fcf44\",\"name\":\"MyWatch\",\"image\":{\"@type\":\"ImageObject\",\"inLanguage\":\"en-US\",\"@id\":\"https:\/\/www.my-watchsite.com\/blog\/#\/schema\/person\/image\/\",\"url\":\"https:\/\/secure.gravatar.com\/avatar\/e52d1e94806c54826c863f554ca1dd2a?s=96&d=mm&r=g\",\"contentUrl\":\"https:\/\/secure.gravatar.com\/avatar\/e52d1e94806c54826c863f554ca1dd2a?s=96&d=mm&r=g\",\"caption\":\"MyWatch\"},\"sameAs\":[\"https:\/\/www.my-watchsite.fr\/blog\"]}]}<\/script>\n<!-- \/ Yoast SEO plugin. -->","yoast_head_json":{"title":"Jaeger-LeCoultre pays tribute to Charlie Chaplin - MyWatch EN","robots":{"index":"index","follow":"follow","max-snippet":"max-snippet:-1","max-image-preview":"max-image-preview:large","max-video-preview":"max-video-preview:-1"},"canonical":"https:\/\/www.my-watchsite.com\/blog\/jaeger-lecoultre-pays-tribute-to-charlie-chaplin-n1523\/","og_locale":"en_US","og_type":"article","og_title":"Jaeger-LeCoultre pays tribute to Charlie Chaplin - MyWatch EN","og_description":"?Jaeger-LeCoultre joined the Film Society of Lincoln Center in honoring Rob Reiner as the recipient of the 41st Annual Chaplin Award in New York. Carmen Chaplin, Charlie Chaplin&#8217;s granddaughter, attended the prestigious Gala to pay tribute to her grandfather whose talent made its mark on history, and was the first emblematic figure of Cinema to [&hellip;]","og_url":"https:\/\/www.my-watchsite.com\/blog\/jaeger-lecoultre-pays-tribute-to-charlie-chaplin-n1523\/","og_site_name":"MyWatch EN","article_publisher":"https:\/\/www.facebook.com\/MyWatchSite\/","article_published_time":"2014-05-06T22:00:00+00:00","og_image":[{"width":654,"height":435,"url":"https:\/\/www.my-watchsite.com\/blog\/wp-content\/uploads\/sites\/2\/2020\/08\/thumb_1523.jpg","type":"image\/jpeg"}],"author":"MyWatch","twitter_card":"summary_large_image","twitter_creator":"@mywatchsite","twitter_site":"@mywatchsite","twitter_misc":{"Written by":"MyWatch","Est. reading time":"2 minutes"},"schema":{"@context":"https:\/\/schema.org","@graph":[{"@type":"WebPage","@id":"https:\/\/www.my-watchsite.com\/blog\/jaeger-lecoultre-pays-tribute-to-charlie-chaplin-n1523\/","url":"https:\/\/www.my-watchsite.com\/blog\/jaeger-lecoultre-pays-tribute-to-charlie-chaplin-n1523\/","name":"Jaeger-LeCoultre pays tribute to Charlie Chaplin - MyWatch EN","isPartOf":{"@id":"https:\/\/www.my-watchsite.com\/blog\/#website"},"datePublished":"2014-05-06T22:00:00+00:00","dateModified":"2014-05-06T22:00:00+00:00","author":{"@id":"https:\/\/www.my-watchsite.com\/blog\/#\/schema\/person\/67e19b3e3d014465042ff1be1c9fcf44"},"breadcrumb":{"@id":"https:\/\/www.my-watchsite.com\/blog\/jaeger-lecoultre-pays-tribute-to-charlie-chaplin-n1523\/#breadcrumb"},"inLanguage":"en-US","potentialAction":[{"@type":"ReadAction","target":["https:\/\/www.my-watchsite.com\/blog\/jaeger-lecoultre-pays-tribute-to-charlie-chaplin-n1523\/"]}]},{"@type":"BreadcrumbList","@id":"https:\/\/www.my-watchsite.com\/blog\/jaeger-lecoultre-pays-tribute-to-charlie-chaplin-n1523\/#breadcrumb","itemListElement":[{"@type":"ListItem","position":1,"name":"Accueil","item":"https:\/\/www.my-watchsite.com\/blog\/"},{"@type":"ListItem","position":2,"name":"Jaeger-LeCoultre pays tribute to Charlie Chaplin"}]},{"@type":"WebSite","@id":"https:\/\/www.my-watchsite.com\/blog\/#website","url":"https:\/\/www.my-watchsite.com\/blog\/","name":"MyWatch EN","description":"Make Time a Lifestyle","potentialAction":[{"@type":"SearchAction","target":{"@type":"EntryPoint","urlTemplate":"https:\/\/www.my-watchsite.com\/blog\/?s={search_term_string}"},"query-input":"required name=search_term_string"}],"inLanguage":"en-US"},{"@type":"Person","@id":"https:\/\/www.my-watchsite.com\/blog\/#\/schema\/person\/67e19b3e3d014465042ff1be1c9fcf44","name":"MyWatch","image":{"@type":"ImageObject","inLanguage":"en-US","@id":"https:\/\/www.my-watchsite.com\/blog\/#\/schema\/person\/image\/","url":"https:\/\/secure.gravatar.com\/avatar\/e52d1e94806c54826c863f554ca1dd2a?s=96&d=mm&r=g","contentUrl":"https:\/\/secure.gravatar.com\/avatar\/e52d1e94806c54826c863f554ca1dd2a?s=96&d=mm&r=g","caption":"MyWatch"},"sameAs":["https:\/\/www.my-watchsite.fr\/blog"]}]}},"_links":{"self":[{"href":"https:\/\/www.my-watchsite.com\/blog\/wp-json\/wp\/v2\/posts\/2422"}],"collection":[{"href":"https:\/\/www.my-watchsite.com\/blog\/wp-json\/wp\/v2\/posts"}],"about":[{"href":"https:\/\/www.my-watchsite.com\/blog\/wp-json\/wp\/v2\/types\/post"}],"author":[{"embeddable":true,"href":"https:\/\/www.my-watchsite.com\/blog\/wp-json\/wp\/v2\/users\/1"}],"replies":[{"embeddable":true,"href":"https:\/\/www.my-watchsite.com\/blog\/wp-json\/wp\/v2\/comments?post=2422"}],"version-history":[{"count":0,"href":"https:\/\/www.my-watchsite.com\/blog\/wp-json\/wp\/v2\/posts\/2422\/revisions"}],"wp:featuredmedia":[{"embeddable":true,"href":"https:\/\/www.my-watchsite.com\/blog\/wp-json\/wp\/v2\/media\/2425"}],"wp:attachment":[{"href":"https:\/\/www.my-watchsite.com\/blog\/wp-json\/wp\/v2\/media?parent=2422"}],"wp:term":[{"taxonomy":"category","embeddable":true,"href":"https:\/\/www.my-watchsite.com\/blog\/wp-json\/wp\/v2\/categories?post=2422"},{"taxonomy":"post_tag","embeddable":true,"href":"https:\/\/www.my-watchsite.com\/blog\/wp-json\/wp\/v2\/tags?post=2422"}],"curies":[{"name":"wp","href":"https:\/\/api.w.org\/{rel}","templated":true}]}}